{"id":14563,"date":"2024-01-16T22:54:50","date_gmt":"2024-01-17T01:54:50","guid":{"rendered":"https:\/\/defrentecomanamaria.com.br\/?p=14563"},"modified":"2024-01-16T22:54:50","modified_gmt":"2024-01-17T01:54:50","slug":"pis-pasep-confira-o-calendario-de-pagamentos-definido-pelo-governo-federal","status":"publish","type":"post","link":"https:\/\/defrentecomanamaria.com.br\/wp\/2024\/01\/16\/pis-pasep-confira-o-calendario-de-pagamentos-definido-pelo-governo-federal\/","title":{"rendered":"PIS\/Pasep: confira o calend\u00e1rio de pagamentos definido pelo Governo Federal."},"content":{"rendered":"<figure style=\"width: 590px\" class=\"wp-caption aligncenter\"><img fetchpriority=\"high\" decoding=\"async\" src=\"https:\/\/www.diariodepernambuco.com.br\/dpimages\/-iV9xztiQhpg05-mosdA1r4oQVw=\/960x0\/smart\/imgsapp.diariodepernambuco.com.br\/app\/noticia_127983242361\/2024\/01\/16\/945406\/20240116194821795826e.jpeg\" alt=\"Mais de 24 milh\u00f5es de trabalhadores ser\u00e3o beneficiados (foto: Frederico Haikal\/reprodu\u00e7\u00e3o)\" width=\"600\" height=\"360\" \/><figcaption class=\"wp-caption-text\">Mais de 24 milh\u00f5es de trabalhadores ser\u00e3o beneficiados (foto: Frederico Haikal\/reprodu\u00e7\u00e3o)<\/figcaption><\/figure>\n<h5 class=\"desc_noticia\">Minist\u00e9rio do Trabalho e Emprego estima que mais de 24 milh\u00f5es de trabalhadores ser\u00e3o agraciados com valor que se aproxima de R$ 24 bilh\u00f5es.<\/h5>\n<p>Foi aprovado pelo Governo Federal o cronograma para pagamento do PIS\/Pasep 2024, relativo ao ano-base 2022. Os empregados do setor privado e p\u00fablico receber\u00e3o os valores segundo o m\u00eas de nascimento, e o benef\u00edcio ter\u00e1 o reajuste do sal\u00e1rio m\u00ednimo.<\/p>\n<p>\u00c9 estimado que mais de 24 milh\u00f5es de trabalhadores ser\u00e3o agraciados com valor que se aproxima de R$ 24 bilh\u00f5es, de acordo com informa\u00e7\u00f5es do Minist\u00e9rio do Trabalho e Emprego.<\/p>\n<p>Os pagamentos ser\u00e3o iniciados em 15 de fevereiro e seguir\u00e3o at\u00e9 15 de agosto. A partir do dia 5 de fevereiro, os trabalhadores podem consultar no portal gov.br ou no aplicativo Carteira de Trabalho Digital se t\u00eam direito ao benef\u00edcio.<\/p>\n<p>Para receber o abono salarial, o empregado deve cumprir com determinados crit\u00e9rios como receber at\u00e9 dois sal\u00e1rios m\u00ednimos mensais, em m\u00e9dia em 2022; ter trabalhado por, no m\u00ednimo, 30 dias com carteira assinada em 2022; estar inscrito no PIS\/Pasep h\u00e1 pelo menos cinco anos; n\u00e3o ter trabalhado para pessoa f\u00edsica; e ter tido seus dados informados pelo empregador ao governo de forma correta.<\/p>\n<p>O valor a ser recebido \u00e9 proporcional ao per\u00edodo em que a pessoa esteve com carteira assinada no per\u00edodo. O maior valor, recebido por quem tiver trabalhado durante todos os 12 meses do ano, \u00e9 igual ao sal\u00e1rio m\u00ednimo de 2024.<\/p>\n<p><strong>\u00a0 \u00a0 \u00a0 \u00a0 \u00a0 \u00a0 \u00a0Veja o cronograma:<\/strong><\/p>\n<ul>\n<li>Nascidos em janeiro: a partir de 15 de fevereiro;<\/li>\n<li>Nascidos em fevereiro: a partir de 15 de mar\u00e7o;<\/li>\n<li>Nascidos em mar\u00e7o: a partir de 15 de abril;<\/li>\n<li>Nascidos em abril: a partir de 15 de abril;<\/li>\n<li>Nascidos em maio: a partir de 15 de maio;<\/li>\n<li>Nascidos em junho: a partir de 15 de maio;<\/li>\n<li>Nascidos em julho: a partir de 17 de junho;<\/li>\n<li>Nascidos em agosto: a partir de 17 de junho;<\/li>\n<li>Nascidos em setembro: a partir de 15 de julho;<\/li>\n<li>Nascidos em outubro: a partir de 15 de julho;<\/li>\n<li>Nascidos em novembro: a partir de 15 de agosto;<\/li>\n<li>Nascidos em dezembro: a partir de 15 de agosto.<\/li>\n<\/ul>\n<p><em><strong>Confira as informa\u00e7\u00f5es no\u00a0<a href=\"https:\/\/www.em.com.br\/economia\/2024\/01\/6787142-pis-pasep-confira-o-calendario-de-pagamentos-definido-pelo-governo-federal.html\" target=\"blank\" rel=\"noopener\">Estado de Minas<\/a>.<\/strong><\/em><\/p>\n","protected":false},"excerpt":{"rendered":"<p>Minist\u00e9rio do Trabalho e Emprego estima que mais de 24 milh\u00f5es de trabalhadores ser\u00e3o agraciados com valor que se aproxima de R$ 24 bilh\u00f5es. Foi aprovado pelo Governo Federal o cronograma para pagamento do PIS\/Pasep 2024, relativo ao ano-base 2022. Os empregados do setor privado e p\u00fablico receber\u00e3o os valores segundo o m\u00eas de nascimento, &#8230; <a title=\"PIS\/Pasep: confira o calend\u00e1rio de pagamentos definido pelo Governo Federal.\" class=\"read-more\" href=\"https:\/\/defrentecomanamaria.com.br\/wp\/2024\/01\/16\/pis-pasep-confira-o-calendario-de-pagamentos-definido-pelo-governo-federal\/\" aria-label=\"More on PIS\/Pasep: confira o calend\u00e1rio de pagamentos definido pelo Governo Federal.\">Leia mais<\/a><\/p>\n","protected":false},"author":4,"featured_media":0,"comment_status":"open","ping_status":"open","sticky":false,"template":"","format":"standard","meta":{"footnotes":""},"categories":[56],"tags":[],"class_list":["post-14563","post","type-post","status-publish","format-standard","hentry","category-economia"],"yoast_head":"<!-- This site is optimized with the Yoast SEO plugin v27.3 - https:\/\/yoast.com\/product\/yoast-seo-wordpress\/ -->\n<title>PIS\/Pasep: confira o calend\u00e1rio de pagamentos definido pelo Governo Federal. - De Frente com Ana Maria<\/title>\n<meta name=\"robots\" content=\"index, follow, max-snippet:-1, max-image-preview:large, max-video-preview:-1\" \/>\n<link rel=\"canonical\" href=\"https:\/\/defrentecomanamaria.com.br\/wp\/2024\/01\/16\/pis-pasep-confira-o-calendario-de-pagamentos-definido-pelo-governo-federal\/\" \/>\n<meta property=\"og:locale\" content=\"pt_BR\" \/>\n<meta property=\"og:type\" content=\"article\" \/>\n<meta property=\"og:title\" content=\"PIS\/Pasep: confira o calend\u00e1rio de pagamentos definido pelo Governo Federal. - De Frente com Ana Maria\" \/>\n<meta property=\"og:description\" content=\"Minist\u00e9rio do Trabalho e Emprego estima que mais de 24 milh\u00f5es de trabalhadores ser\u00e3o agraciados com valor que se aproxima de R$ 24 bilh\u00f5es. Foi aprovado pelo Governo Federal o cronograma para pagamento do PIS\/Pasep 2024, relativo ao ano-base 2022. Os empregados do setor privado e p\u00fablico receber\u00e3o os valores segundo o m\u00eas de nascimento, ... Leia mais\" \/>\n<meta property=\"og:url\" content=\"https:\/\/defrentecomanamaria.com.br\/wp\/2024\/01\/16\/pis-pasep-confira-o-calendario-de-pagamentos-definido-pelo-governo-federal\/\" \/>\n<meta property=\"og:site_name\" content=\"De Frente com Ana Maria\" \/>\n<meta property=\"article:published_time\" content=\"2024-01-17T01:54:50+00:00\" \/>\n<meta property=\"og:image\" content=\"https:\/\/www.diariodepernambuco.com.br\/dpimages\/-iV9xztiQhpg05-mosdA1r4oQVw=\/960x0\/smart\/imgsapp.diariodepernambuco.com.br\/app\/noticia_127983242361\/2024\/01\/16\/945406\/20240116194821795826e.jpeg\" \/>\n<meta name=\"author\" content=\"Ana Maria\" \/>\n<meta name=\"twitter:card\" content=\"summary_large_image\" \/>\n<meta name=\"twitter:label1\" content=\"Escrito por\" \/>\n\t<meta name=\"twitter:data1\" content=\"Ana Maria\" \/>\n\t<meta name=\"twitter:label2\" content=\"Est. tempo de leitura\" \/>\n\t<meta name=\"twitter:data2\" content=\"3 minutos\" \/>\n<script type=\"application\/ld+json\" class=\"yoast-schema-graph\">{\"@context\":\"https:\\\/\\\/schema.org\",\"@graph\":[{\"@type\":\"Article\",\"@id\":\"https:\\\/\\\/defrentecomanamaria.com.br\\\/wp\\\/2024\\\/01\\\/16\\\/pis-pasep-confira-o-calendario-de-pagamentos-definido-pelo-governo-federal\\\/#article\",\"isPartOf\":{\"@id\":\"https:\\\/\\\/defrentecomanamaria.com.br\\\/wp\\\/2024\\\/01\\\/16\\\/pis-pasep-confira-o-calendario-de-pagamentos-definido-pelo-governo-federal\\\/\"},\"author\":{\"name\":\"Ana Maria\",\"@id\":\"https:\\\/\\\/defrentecomanamaria.com.br\\\/wp\\\/#\\\/schema\\\/person\\\/2ceed77e817c80624560822b8eae8f25\"},\"headline\":\"PIS\\\/Pasep: confira o calend\u00e1rio de pagamentos definido pelo Governo Federal.\",\"datePublished\":\"2024-01-17T01:54:50+00:00\",\"mainEntityOfPage\":{\"@id\":\"https:\\\/\\\/defrentecomanamaria.com.br\\\/wp\\\/2024\\\/01\\\/16\\\/pis-pasep-confira-o-calendario-de-pagamentos-definido-pelo-governo-federal\\\/\"},\"wordCount\":395,\"commentCount\":0,\"publisher\":{\"@id\":\"https:\\\/\\\/defrentecomanamaria.com.br\\\/wp\\\/#\\\/schema\\\/person\\\/2ceed77e817c80624560822b8eae8f25\"},\"image\":{\"@id\":\"https:\\\/\\\/defrentecomanamaria.com.br\\\/wp\\\/2024\\\/01\\\/16\\\/pis-pasep-confira-o-calendario-de-pagamentos-definido-pelo-governo-federal\\\/#primaryimage\"},\"thumbnailUrl\":\"https:\\\/\\\/www.diariodepernambuco.com.br\\\/dpimages\\\/-iV9xztiQhpg05-mosdA1r4oQVw=\\\/960x0\\\/smart\\\/imgsapp.diariodepernambuco.com.br\\\/app\\\/noticia_127983242361\\\/2024\\\/01\\\/16\\\/945406\\\/20240116194821795826e.jpeg\",\"articleSection\":[\"Economia\"],\"inLanguage\":\"pt-BR\",\"potentialAction\":[{\"@type\":\"CommentAction\",\"name\":\"Comment\",\"target\":[\"https:\\\/\\\/defrentecomanamaria.com.br\\\/wp\\\/2024\\\/01\\\/16\\\/pis-pasep-confira-o-calendario-de-pagamentos-definido-pelo-governo-federal\\\/#respond\"]}]},{\"@type\":\"WebPage\",\"@id\":\"https:\\\/\\\/defrentecomanamaria.com.br\\\/wp\\\/2024\\\/01\\\/16\\\/pis-pasep-confira-o-calendario-de-pagamentos-definido-pelo-governo-federal\\\/\",\"url\":\"https:\\\/\\\/defrentecomanamaria.com.br\\\/wp\\\/2024\\\/01\\\/16\\\/pis-pasep-confira-o-calendario-de-pagamentos-definido-pelo-governo-federal\\\/\",\"name\":\"PIS\\\/Pasep: confira o calend\u00e1rio de pagamentos definido pelo Governo Federal. - De Frente com Ana Maria\",\"isPartOf\":{\"@id\":\"https:\\\/\\\/defrentecomanamaria.com.br\\\/wp\\\/#website\"},\"primaryImageOfPage\":{\"@id\":\"https:\\\/\\\/defrentecomanamaria.com.br\\\/wp\\\/2024\\\/01\\\/16\\\/pis-pasep-confira-o-calendario-de-pagamentos-definido-pelo-governo-federal\\\/#primaryimage\"},\"image\":{\"@id\":\"https:\\\/\\\/defrentecomanamaria.com.br\\\/wp\\\/2024\\\/01\\\/16\\\/pis-pasep-confira-o-calendario-de-pagamentos-definido-pelo-governo-federal\\\/#primaryimage\"},\"thumbnailUrl\":\"https:\\\/\\\/www.diariodepernambuco.com.br\\\/dpimages\\\/-iV9xztiQhpg05-mosdA1r4oQVw=\\\/960x0\\\/smart\\\/imgsapp.diariodepernambuco.com.br\\\/app\\\/noticia_127983242361\\\/2024\\\/01\\\/16\\\/945406\\\/20240116194821795826e.jpeg\",\"datePublished\":\"2024-01-17T01:54:50+00:00\",\"breadcrumb\":{\"@id\":\"https:\\\/\\\/defrentecomanamaria.com.br\\\/wp\\\/2024\\\/01\\\/16\\\/pis-pasep-confira-o-calendario-de-pagamentos-definido-pelo-governo-federal\\\/#breadcrumb\"},\"inLanguage\":\"pt-BR\",\"potentialAction\":[{\"@type\":\"ReadAction\",\"target\":[\"https:\\\/\\\/defrentecomanamaria.com.br\\\/wp\\\/2024\\\/01\\\/16\\\/pis-pasep-confira-o-calendario-de-pagamentos-definido-pelo-governo-federal\\\/\"]}]},{\"@type\":\"ImageObject\",\"inLanguage\":\"pt-BR\",\"@id\":\"https:\\\/\\\/defrentecomanamaria.com.br\\\/wp\\\/2024\\\/01\\\/16\\\/pis-pasep-confira-o-calendario-de-pagamentos-definido-pelo-governo-federal\\\/#primaryimage\",\"url\":\"https:\\\/\\\/www.diariodepernambuco.com.br\\\/dpimages\\\/-iV9xztiQhpg05-mosdA1r4oQVw=\\\/960x0\\\/smart\\\/imgsapp.diariodepernambuco.com.br\\\/app\\\/noticia_127983242361\\\/2024\\\/01\\\/16\\\/945406\\\/20240116194821795826e.jpeg\",\"contentUrl\":\"https:\\\/\\\/www.diariodepernambuco.com.br\\\/dpimages\\\/-iV9xztiQhpg05-mosdA1r4oQVw=\\\/960x0\\\/smart\\\/imgsapp.diariodepernambuco.com.br\\\/app\\\/noticia_127983242361\\\/2024\\\/01\\\/16\\\/945406\\\/20240116194821795826e.jpeg\"},{\"@type\":\"BreadcrumbList\",\"@id\":\"https:\\\/\\\/defrentecomanamaria.com.br\\\/wp\\\/2024\\\/01\\\/16\\\/pis-pasep-confira-o-calendario-de-pagamentos-definido-pelo-governo-federal\\\/#breadcrumb\",\"itemListElement\":[{\"@type\":\"ListItem\",\"position\":1,\"name\":\"In\u00edcio\",\"item\":\"https:\\\/\\\/defrentecomanamaria.com.br\\\/wp\\\/\"},{\"@type\":\"ListItem\",\"position\":2,\"name\":\"PIS\\\/Pasep: confira o calend\u00e1rio de pagamentos definido pelo Governo Federal.\"}]},{\"@type\":\"WebSite\",\"@id\":\"https:\\\/\\\/defrentecomanamaria.com.br\\\/wp\\\/#website\",\"url\":\"https:\\\/\\\/defrentecomanamaria.com.br\\\/wp\\\/\",\"name\":\"De Frente com Ana Maria\",\"description\":\"A informa\u00e7\u00e3o mais perto de voc\u00ea.\",\"publisher\":{\"@id\":\"https:\\\/\\\/defrentecomanamaria.com.br\\\/wp\\\/#\\\/schema\\\/person\\\/2ceed77e817c80624560822b8eae8f25\"},\"potentialAction\":[{\"@type\":\"SearchAction\",\"target\":{\"@type\":\"EntryPoint\",\"urlTemplate\":\"https:\\\/\\\/defrentecomanamaria.com.br\\\/wp\\\/?s={search_term_string}\"},\"query-input\":{\"@type\":\"PropertyValueSpecification\",\"valueRequired\":true,\"valueName\":\"search_term_string\"}}],\"inLanguage\":\"pt-BR\"},{\"@type\":[\"Person\",\"Organization\"],\"@id\":\"https:\\\/\\\/defrentecomanamaria.com.br\\\/wp\\\/#\\\/schema\\\/person\\\/2ceed77e817c80624560822b8eae8f25\",\"name\":\"Ana Maria\",\"image\":{\"@type\":\"ImageObject\",\"inLanguage\":\"pt-BR\",\"@id\":\"https:\\\/\\\/defrentecomanamaria.com.br\\\/wp\\\/wp-content\\\/uploads\\\/2023\\\/11\\\/Ana-Maria-Santos-1080x641-1.png\",\"url\":\"https:\\\/\\\/defrentecomanamaria.com.br\\\/wp\\\/wp-content\\\/uploads\\\/2023\\\/11\\\/Ana-Maria-Santos-1080x641-1.png\",\"contentUrl\":\"https:\\\/\\\/defrentecomanamaria.com.br\\\/wp\\\/wp-content\\\/uploads\\\/2023\\\/11\\\/Ana-Maria-Santos-1080x641-1.png\",\"width\":1080,\"height\":641,\"caption\":\"Ana Maria\"},\"logo\":{\"@id\":\"https:\\\/\\\/defrentecomanamaria.com.br\\\/wp\\\/wp-content\\\/uploads\\\/2023\\\/11\\\/Ana-Maria-Santos-1080x641-1.png\"},\"sameAs\":[\"https:\\\/\\\/defrentecomanamaria.com.br\\\/wp\\\/\"],\"url\":\"https:\\\/\\\/defrentecomanamaria.com.br\\\/wp\\\/author\\\/anamaria\\\/\"}]}<\/script>\n<!-- \/ Yoast SEO plugin. -->","yoast_head_json":{"title":"PIS\/Pasep: confira o calend\u00e1rio de pagamentos definido pelo Governo Federal. - De Frente com Ana Maria","robots":{"index":"index","follow":"follow","max-snippet":"max-snippet:-1","max-image-preview":"max-image-preview:large","max-video-preview":"max-video-preview:-1"},"canonical":"https:\/\/defrentecomanamaria.com.br\/wp\/2024\/01\/16\/pis-pasep-confira-o-calendario-de-pagamentos-definido-pelo-governo-federal\/","og_locale":"pt_BR","og_type":"article","og_title":"PIS\/Pasep: confira o calend\u00e1rio de pagamentos definido pelo Governo Federal. - De Frente com Ana Maria","og_description":"Minist\u00e9rio do Trabalho e Emprego estima que mais de 24 milh\u00f5es de trabalhadores ser\u00e3o agraciados com valor que se aproxima de R$ 24 bilh\u00f5es. Foi aprovado pelo Governo Federal o cronograma para pagamento do PIS\/Pasep 2024, relativo ao ano-base 2022. Os empregados do setor privado e p\u00fablico receber\u00e3o os valores segundo o m\u00eas de nascimento, ... Leia mais","og_url":"https:\/\/defrentecomanamaria.com.br\/wp\/2024\/01\/16\/pis-pasep-confira-o-calendario-de-pagamentos-definido-pelo-governo-federal\/","og_site_name":"De Frente com Ana Maria","article_published_time":"2024-01-17T01:54:50+00:00","og_image":[{"url":"https:\/\/www.diariodepernambuco.com.br\/dpimages\/-iV9xztiQhpg05-mosdA1r4oQVw=\/960x0\/smart\/imgsapp.diariodepernambuco.com.br\/app\/noticia_127983242361\/2024\/01\/16\/945406\/20240116194821795826e.jpeg","type":"","width":"","height":""}],"author":"Ana Maria","twitter_card":"summary_large_image","twitter_misc":{"Escrito por":"Ana Maria","Est. tempo de leitura":"3 minutos"},"schema":{"@context":"https:\/\/schema.org","@graph":[{"@type":"Article","@id":"https:\/\/defrentecomanamaria.com.br\/wp\/2024\/01\/16\/pis-pasep-confira-o-calendario-de-pagamentos-definido-pelo-governo-federal\/#article","isPartOf":{"@id":"https:\/\/defrentecomanamaria.com.br\/wp\/2024\/01\/16\/pis-pasep-confira-o-calendario-de-pagamentos-definido-pelo-governo-federal\/"},"author":{"name":"Ana Maria","@id":"https:\/\/defrentecomanamaria.com.br\/wp\/#\/schema\/person\/2ceed77e817c80624560822b8eae8f25"},"headline":"PIS\/Pasep: confira o calend\u00e1rio de pagamentos definido pelo Governo Federal.","datePublished":"2024-01-17T01:54:50+00:00","mainEntityOfPage":{"@id":"https:\/\/defrentecomanamaria.com.br\/wp\/2024\/01\/16\/pis-pasep-confira-o-calendario-de-pagamentos-definido-pelo-governo-federal\/"},"wordCount":395,"commentCount":0,"publisher":{"@id":"https:\/\/defrentecomanamaria.com.br\/wp\/#\/schema\/person\/2ceed77e817c80624560822b8eae8f25"},"image":{"@id":"https:\/\/defrentecomanamaria.com.br\/wp\/2024\/01\/16\/pis-pasep-confira-o-calendario-de-pagamentos-definido-pelo-governo-federal\/#primaryimage"},"thumbnailUrl":"https:\/\/www.diariodepernambuco.com.br\/dpimages\/-iV9xztiQhpg05-mosdA1r4oQVw=\/960x0\/smart\/imgsapp.diariodepernambuco.com.br\/app\/noticia_127983242361\/2024\/01\/16\/945406\/20240116194821795826e.jpeg","articleSection":["Economia"],"inLanguage":"pt-BR","potentialAction":[{"@type":"CommentAction","name":"Comment","target":["https:\/\/defrentecomanamaria.com.br\/wp\/2024\/01\/16\/pis-pasep-confira-o-calendario-de-pagamentos-definido-pelo-governo-federal\/#respond"]}]},{"@type":"WebPage","@id":"https:\/\/defrentecomanamaria.com.br\/wp\/2024\/01\/16\/pis-pasep-confira-o-calendario-de-pagamentos-definido-pelo-governo-federal\/","url":"https:\/\/defrentecomanamaria.com.br\/wp\/2024\/01\/16\/pis-pasep-confira-o-calendario-de-pagamentos-definido-pelo-governo-federal\/","name":"PIS\/Pasep: confira o calend\u00e1rio de pagamentos definido pelo Governo Federal. - De Frente com Ana Maria","isPartOf":{"@id":"https:\/\/defrentecomanamaria.com.br\/wp\/#website"},"primaryImageOfPage":{"@id":"https:\/\/defrentecomanamaria.com.br\/wp\/2024\/01\/16\/pis-pasep-confira-o-calendario-de-pagamentos-definido-pelo-governo-federal\/#primaryimage"},"image":{"@id":"https:\/\/defrentecomanamaria.com.br\/wp\/2024\/01\/16\/pis-pasep-confira-o-calendario-de-pagamentos-definido-pelo-governo-federal\/#primaryimage"},"thumbnailUrl":"https:\/\/www.diariodepernambuco.com.br\/dpimages\/-iV9xztiQhpg05-mosdA1r4oQVw=\/960x0\/smart\/imgsapp.diariodepernambuco.com.br\/app\/noticia_127983242361\/2024\/01\/16\/945406\/20240116194821795826e.jpeg","datePublished":"2024-01-17T01:54:50+00:00","breadcrumb":{"@id":"https:\/\/defrentecomanamaria.com.br\/wp\/2024\/01\/16\/pis-pasep-confira-o-calendario-de-pagamentos-definido-pelo-governo-federal\/#breadcrumb"},"inLanguage":"pt-BR","potentialAction":[{"@type":"ReadAction","target":["https:\/\/defrentecomanamaria.com.br\/wp\/2024\/01\/16\/pis-pasep-confira-o-calendario-de-pagamentos-definido-pelo-governo-federal\/"]}]},{"@type":"ImageObject","inLanguage":"pt-BR","@id":"https:\/\/defrentecomanamaria.com.br\/wp\/2024\/01\/16\/pis-pasep-confira-o-calendario-de-pagamentos-definido-pelo-governo-federal\/#primaryimage","url":"https:\/\/www.diariodepernambuco.com.br\/dpimages\/-iV9xztiQhpg05-mosdA1r4oQVw=\/960x0\/smart\/imgsapp.diariodepernambuco.com.br\/app\/noticia_127983242361\/2024\/01\/16\/945406\/20240116194821795826e.jpeg","contentUrl":"https:\/\/www.diariodepernambuco.com.br\/dpimages\/-iV9xztiQhpg05-mosdA1r4oQVw=\/960x0\/smart\/imgsapp.diariodepernambuco.com.br\/app\/noticia_127983242361\/2024\/01\/16\/945406\/20240116194821795826e.jpeg"},{"@type":"BreadcrumbList","@id":"https:\/\/defrentecomanamaria.com.br\/wp\/2024\/01\/16\/pis-pasep-confira-o-calendario-de-pagamentos-definido-pelo-governo-federal\/#breadcrumb","itemListElement":[{"@type":"ListItem","position":1,"name":"In\u00edcio","item":"https:\/\/defrentecomanamaria.com.br\/wp\/"},{"@type":"ListItem","position":2,"name":"PIS\/Pasep: confira o calend\u00e1rio de pagamentos definido pelo Governo Federal."}]},{"@type":"WebSite","@id":"https:\/\/defrentecomanamaria.com.br\/wp\/#website","url":"https:\/\/defrentecomanamaria.com.br\/wp\/","name":"De Frente com Ana Maria","description":"A informa\u00e7\u00e3o mais perto de voc\u00ea.","publisher":{"@id":"https:\/\/defrentecomanamaria.com.br\/wp\/#\/schema\/person\/2ceed77e817c80624560822b8eae8f25"},"potentialAction":[{"@type":"SearchAction","target":{"@type":"EntryPoint","urlTemplate":"https:\/\/defrentecomanamaria.com.br\/wp\/?s={search_term_string}"},"query-input":{"@type":"PropertyValueSpecification","valueRequired":true,"valueName":"search_term_string"}}],"inLanguage":"pt-BR"},{"@type":["Person","Organization"],"@id":"https:\/\/defrentecomanamaria.com.br\/wp\/#\/schema\/person\/2ceed77e817c80624560822b8eae8f25","name":"Ana Maria","image":{"@type":"ImageObject","inLanguage":"pt-BR","@id":"https:\/\/defrentecomanamaria.com.br\/wp\/wp-content\/uploads\/2023\/11\/Ana-Maria-Santos-1080x641-1.png","url":"https:\/\/defrentecomanamaria.com.br\/wp\/wp-content\/uploads\/2023\/11\/Ana-Maria-Santos-1080x641-1.png","contentUrl":"https:\/\/defrentecomanamaria.com.br\/wp\/wp-content\/uploads\/2023\/11\/Ana-Maria-Santos-1080x641-1.png","width":1080,"height":641,"caption":"Ana Maria"},"logo":{"@id":"https:\/\/defrentecomanamaria.com.br\/wp\/wp-content\/uploads\/2023\/11\/Ana-Maria-Santos-1080x641-1.png"},"sameAs":["https:\/\/defrentecomanamaria.com.br\/wp\/"],"url":"https:\/\/defrentecomanamaria.com.br\/wp\/author\/anamaria\/"}]}},"_links":{"self":[{"href":"https:\/\/defrentecomanamaria.com.br\/wp\/wp-json\/wp\/v2\/posts\/14563","targetHints":{"allow":["GET"]}}],"collection":[{"href":"https:\/\/defrentecomanamaria.com.br\/wp\/wp-json\/wp\/v2\/posts"}],"about":[{"href":"https:\/\/defrentecomanamaria.com.br\/wp\/wp-json\/wp\/v2\/types\/post"}],"author":[{"embeddable":true,"href":"https:\/\/defrentecomanamaria.com.br\/wp\/wp-json\/wp\/v2\/users\/4"}],"replies":[{"embeddable":true,"href":"https:\/\/defrentecomanamaria.com.br\/wp\/wp-json\/wp\/v2\/comments?post=14563"}],"version-history":[{"count":1,"href":"https:\/\/defrentecomanamaria.com.br\/wp\/wp-json\/wp\/v2\/posts\/14563\/revisions"}],"predecessor-version":[{"id":14564,"href":"https:\/\/defrentecomanamaria.com.br\/wp\/wp-json\/wp\/v2\/posts\/14563\/revisions\/14564"}],"wp:attachment":[{"href":"https:\/\/defrentecomanamaria.com.br\/wp\/wp-json\/wp\/v2\/media?parent=14563"}],"wp:term":[{"taxonomy":"category","embeddable":true,"href":"https:\/\/defrentecomanamaria.com.br\/wp\/wp-json\/wp\/v2\/categories?post=14563"},{"taxonomy":"post_tag","embeddable":true,"href":"https:\/\/defrentecomanamaria.com.br\/wp\/wp-json\/wp\/v2\/tags?post=14563"}],"curies":[{"name":"wp","href":"https:\/\/api.w.org\/{rel}","templated":true}]}}