{"id":15757,"date":"2024-03-07T08:45:41","date_gmt":"2024-03-07T11:45:41","guid":{"rendered":"https:\/\/defrentecomanamaria.com.br\/?p=15757"},"modified":"2024-03-07T08:45:41","modified_gmt":"2024-03-07T11:45:41","slug":"fpm-municipios-recebem-55-bi-na-proxima-sexta-8-consulte-o-valor-a-ser-repassado-para-a-sua-cidade","status":"publish","type":"post","link":"https:\/\/defrentecomanamaria.com.br\/wp\/2024\/03\/07\/fpm-municipios-recebem-55-bi-na-proxima-sexta-8-consulte-o-valor-a-ser-repassado-para-a-sua-cidade\/","title":{"rendered":"FPM: munic\u00edpios recebem 5,5 bi na pr\u00f3xima sexta (8); consulte o valor a ser repassado para a sua cidade"},"content":{"rendered":"<p><img fetchpriority=\"high\" decoding=\"async\" class=\"aligncenter\" src=\"https:\/\/d32exhd5j7o0z1.cloudfront.net\/variants\/X6JPq2Uf1uQwkReWELhxpcSY\/b6ddb1640e40bdd68db56d48e7164c4813c0819bad11420b1fe7db253f4a5ce3\" alt=\"Imagem: Brasil 61\" width=\"643\" height=\"411\" \/><\/p>\n<p style=\"text-align: justify;\">Os mais de 5.560 munic\u00edpios brasileiros recebem nesta sexta-feira (8) a primeira parcela de mar\u00e7o do Fundo de Participa\u00e7\u00e3o dos Munic\u00edpios, o FPM. O valor distribu\u00eddo ser\u00e1 de R$ 5.568.501.309,70, referentes \u00e0\u00a0arrecada\u00e7\u00e3o do per\u00edodo de 21 a\u00a029 de fevereiro. O repasse segue a tend\u00eancia de alta de arrecada\u00e7\u00e3o, com rela\u00e7\u00e3o ao mesmo per\u00edodo de 2023, com aumento de 9,9%.<\/p>\n<p style=\"text-align: justify;\">Os primeiros meses de 2024 mostram que os repasses do FPM j\u00e1 vem apresentando valores superiores aos do ano passado. O assessor de or\u00e7amento Cesar Lima comenta sobre as dificuldades que os mun\u00edcipes tiveram em 2023 para fechar as contas. \u201cFoi um ano muito ruim para o FPM, a ponto de no final do ano ter que recorrer a um projeto de lei complementar que for\u00e7asse o governo a fazer uma complementa\u00e7\u00e3o desses valores para os munic\u00edpios.\u201d<\/p>\n<p style=\"text-align: justify;\">Cerca de 80% dos munic\u00edpios brasileiros s\u00e3o considerados de pequeno porte \u2014 t\u00eam menos de 20 mil habitantes \u2014 \u00a0e nessas cidades, o FPM \u00e9 de fundamental import\u00e2ncia para custear despesas b\u00e1sicas, como folha de pagamento e fornecedores. E costuma ser a \u00fanica fonte de receita para que investimentos em infraestrutura sejam feitos na cidade.<\/p>\n<p style=\"text-align: justify;\"><strong>Repasse melhores, mais investimentos previstos<\/strong><\/p>\n<p style=\"text-align: justify;\">A 450 quil\u00f4metros de Salvador, a cidade de Po\u00e7\u00f5es \u2014 com menos de 50 mil habitantes no interior da Bahia \u2014 tem no FPM sua \u00fanica fonte de receitas. Sem arrecada\u00e7\u00e3o pr\u00f3pria, o ano de 2023 foi de muito sufoco para fechar as contas. Mas com a alta recente nos repasses, os gestores j\u00e1 come\u00e7am a fazer planos.<\/p>\n<p style=\"text-align: justify;\">E a expectativa tem sido positiva para os investimentos na cidade, como explica o secret\u00e1rio de finan\u00e7as Bruno Sangiovanni. \u201cN\u00f3s temos aqui um programa de melhoria de infraestrutura que \u00e9 feito apenas com recursos pr\u00f3prios, sem emendas parlamentares. Esse valor extra que entra \u00e9 todo revertido para melhorias e investimentos.\u201d<!--more--><\/p>\n<p style=\"text-align: justify;\">A cidade tem um programa de melhorias de infraestrutura, voltada principalmente para melhorias do saneamento b\u00e1sico e pavimenta\u00e7\u00e3o. \u201cQue agora, com a melhoria nos repasses, ter\u00e1 o processo acelerado\u201d, comemora o secret\u00e1rio de finan\u00e7as.<\/p>\n<p style=\"text-align: justify;\">Saiba quanto seu munic\u00edpio vai receber de repasses do FPM<\/p>\n<p style=\"text-align: justify;\">O munic\u00edpio de Po\u00e7\u00f5es, citado na reportagem, vai receber na pr\u00f3xima sexta-feira \u00a0R$ 1.658.648,68 referente ao FPM. A capital do estado, Salvador, recebe R$ 43.808.145,98.<\/p>\n<p style=\"text-align: justify;\">No Sudeste destaque para Juiz de Fora, MG, que neste dec\u00eandio ter\u00e1 R$ 3.186.851,76 de recursos do FPM. A capital, BH, recebe R$ \u00a024.337.853,31<\/p>\n<p style=\"text-align: justify;\"><strong>Munic\u00edpios bloqueados at\u00e9 5 de mar\u00e7o<\/strong><span id=\"more-26334\"><\/span><\/p>\n<p style=\"text-align: justify;\">Apesar da import\u00e2ncia do recurso, alguns motivos podem impedir as cidades de receberem os repasses do Fundo. Sobretudo a aus\u00eancia de pagamento da contribui\u00e7\u00e3o ao Programa de Forma\u00e7\u00e3o do Patrim\u00f4nio do Servidor P\u00fablico (Pasep), d\u00edvidas com o Instituto Nacional do Seguro Social (INSS) ou d\u00e9bitos com a inscri\u00e7\u00e3o da d\u00edvida ativa pela Procuradoria-Geral da Fazenda Nacional (PGFN). Para voltar a receber o dinheiro, o munic\u00edpio precisa regularizar a situa\u00e7\u00e3o.<\/p>\n<ol>\n<li style=\"text-align: justify;\">Careiro \u2013 AM<\/li>\n<li style=\"text-align: justify;\">Aiuaba \u2013 CE<\/li>\n<li style=\"text-align: justify;\">Mulungu \u2013 CE<\/li>\n<li style=\"text-align: justify;\">Pancas \u2013 ES<\/li>\n<li style=\"text-align: justify;\">Aparecida de Goi\u00e2nia- GO<\/li>\n<li style=\"text-align: justify;\">Araguapaz- GO<\/li>\n<li style=\"text-align: justify;\">Caiap\u00f4nia \u2013 GO<\/li>\n<li style=\"text-align: justify;\">Goian\u00e9sia \u2013 GO<\/li>\n<li style=\"text-align: justify;\">Itapirapu\u00e3 \u2013 GO<\/li>\n<li style=\"text-align: justify;\">Santa Rita do Novo Destino \u2013\u00a0\u00a0 \u00a0GO<\/li>\n<li style=\"text-align: justify;\">Cambuquira \u2013 MG<\/li>\n<li style=\"text-align: justify;\">Nova M\u00f3dica \u2013 MG<\/li>\n<li style=\"text-align: justify;\">Oriz\u00e2nia \u2013 MG<\/li>\n<li style=\"text-align: justify;\">Tapira \u2013 MG<\/li>\n<li style=\"text-align: justify;\">Ub\u00e1 \u2013 MG<\/li>\n<li style=\"text-align: justify;\">Vargem Grande do Rio Pardo \u2013 MG<\/li>\n<li style=\"text-align: justify;\">Vermelho Novo \u2013 MG<\/li>\n<li style=\"text-align: justify;\">Nova Alvorada do Sul \u2013 MS<\/li>\n<li style=\"text-align: justify;\">Dom Aquino \u2013 MT<\/li>\n<li style=\"text-align: justify;\">Braganey \u2013 PR<\/li>\n<li style=\"text-align: justify;\">Carapebus \u2013 RJ<\/li>\n<li style=\"text-align: justify;\">Maca\u00e9 \u2013 RJ<\/li>\n<li style=\"text-align: justify;\">Gararu \u2013 SE<\/li>\n<li style=\"text-align: justify;\">Japoat\u00e3 \u2013 SE<\/li>\n<li style=\"text-align: justify;\">Maruim \u2013 SE<\/li>\n<li style=\"text-align: justify;\">Ros\u00e1rio do Catete \u2013 SE<\/li>\n<li style=\"text-align: justify;\">S\u00e3o Domingos \u2013 SE<\/li>\n<li style=\"text-align: justify;\">Araguatins \u2013 TO<\/li>\n<li style=\"text-align: justify;\">Chapada da Atividades \u2013 TO<\/li>\n<li style=\"text-align: justify;\">Darcin\u00f3polis \u2013 TO<\/li>\n<\/ol>\n","protected":false},"excerpt":{"rendered":"<p>Os mais de 5.560 munic\u00edpios brasileiros recebem nesta sexta-feira (8) a primeira parcela de mar\u00e7o do Fundo de Participa\u00e7\u00e3o dos Munic\u00edpios, o FPM. O valor distribu\u00eddo ser\u00e1 de R$ 5.568.501.309,70, referentes \u00e0\u00a0arrecada\u00e7\u00e3o do per\u00edodo de 21 a\u00a029 de fevereiro. O repasse segue a tend\u00eancia de alta de arrecada\u00e7\u00e3o, com rela\u00e7\u00e3o ao mesmo per\u00edodo de 2023, &#8230; <a title=\"FPM: munic\u00edpios recebem 5,5 bi na pr\u00f3xima sexta (8); consulte o valor a ser repassado para a sua cidade\" class=\"read-more\" href=\"https:\/\/defrentecomanamaria.com.br\/wp\/2024\/03\/07\/fpm-municipios-recebem-55-bi-na-proxima-sexta-8-consulte-o-valor-a-ser-repassado-para-a-sua-cidade\/\" aria-label=\"More on FPM: munic\u00edpios recebem 5,5 bi na pr\u00f3xima sexta (8); consulte o valor a ser repassado para a sua cidade\">Leia mais<\/a><\/p>\n","protected":false},"author":7,"featured_media":0,"comment_status":"open","ping_status":"open","sticky":false,"template":"","format":"standard","meta":{"footnotes":""},"categories":[56],"tags":[],"class_list":["post-15757","post","type-post","status-publish","format-standard","hentry","category-economia"],"yoast_head":"<!-- This site is optimized with the Yoast SEO plugin v27.3 - https:\/\/yoast.com\/product\/yoast-seo-wordpress\/ -->\n<title>FPM: munic\u00edpios recebem 5,5 bi na pr\u00f3xima sexta (8); consulte o valor a ser repassado para a sua cidade - De Frente com Ana Maria<\/title>\n<meta name=\"robots\" content=\"index, follow, max-snippet:-1, max-image-preview:large, max-video-preview:-1\" \/>\n<link rel=\"canonical\" href=\"https:\/\/defrentecomanamaria.com.br\/wp\/2024\/03\/07\/fpm-municipios-recebem-55-bi-na-proxima-sexta-8-consulte-o-valor-a-ser-repassado-para-a-sua-cidade\/\" \/>\n<meta property=\"og:locale\" content=\"pt_BR\" \/>\n<meta property=\"og:type\" content=\"article\" \/>\n<meta property=\"og:title\" content=\"FPM: munic\u00edpios recebem 5,5 bi na pr\u00f3xima sexta (8); consulte o valor a ser repassado para a sua cidade - De Frente com Ana Maria\" \/>\n<meta property=\"og:description\" content=\"Os mais de 5.560 munic\u00edpios brasileiros recebem nesta sexta-feira (8) a primeira parcela de mar\u00e7o do Fundo de Participa\u00e7\u00e3o dos Munic\u00edpios, o FPM. O valor distribu\u00eddo ser\u00e1 de R$ 5.568.501.309,70, referentes \u00e0\u00a0arrecada\u00e7\u00e3o do per\u00edodo de 21 a\u00a029 de fevereiro. O repasse segue a tend\u00eancia de alta de arrecada\u00e7\u00e3o, com rela\u00e7\u00e3o ao mesmo per\u00edodo de 2023, ... Leia mais\" \/>\n<meta property=\"og:url\" content=\"https:\/\/defrentecomanamaria.com.br\/wp\/2024\/03\/07\/fpm-municipios-recebem-55-bi-na-proxima-sexta-8-consulte-o-valor-a-ser-repassado-para-a-sua-cidade\/\" \/>\n<meta property=\"og:site_name\" content=\"De Frente com Ana Maria\" \/>\n<meta property=\"article:published_time\" content=\"2024-03-07T11:45:41+00:00\" \/>\n<meta property=\"og:image\" content=\"https:\/\/d32exhd5j7o0z1.cloudfront.net\/variants\/X6JPq2Uf1uQwkReWELhxpcSY\/b6ddb1640e40bdd68db56d48e7164c4813c0819bad11420b1fe7db253f4a5ce3\" \/>\n<meta name=\"author\" content=\"De frente com Ana Maria\" \/>\n<meta name=\"twitter:card\" content=\"summary_large_image\" \/>\n<meta name=\"twitter:label1\" content=\"Escrito por\" \/>\n\t<meta name=\"twitter:data1\" content=\"De frente com Ana Maria\" \/>\n\t<meta name=\"twitter:label2\" content=\"Est. tempo de leitura\" \/>\n\t<meta name=\"twitter:data2\" content=\"4 minutos\" \/>\n<script type=\"application\/ld+json\" class=\"yoast-schema-graph\">{\"@context\":\"https:\\\/\\\/schema.org\",\"@graph\":[{\"@type\":\"Article\",\"@id\":\"https:\\\/\\\/defrentecomanamaria.com.br\\\/wp\\\/2024\\\/03\\\/07\\\/fpm-municipios-recebem-55-bi-na-proxima-sexta-8-consulte-o-valor-a-ser-repassado-para-a-sua-cidade\\\/#article\",\"isPartOf\":{\"@id\":\"https:\\\/\\\/defrentecomanamaria.com.br\\\/wp\\\/2024\\\/03\\\/07\\\/fpm-municipios-recebem-55-bi-na-proxima-sexta-8-consulte-o-valor-a-ser-repassado-para-a-sua-cidade\\\/\"},\"author\":{\"name\":\"De frente com Ana Maria\",\"@id\":\"https:\\\/\\\/defrentecomanamaria.com.br\\\/wp\\\/#\\\/schema\\\/person\\\/99c268442c231bfaa36dfbe3399aee1a\"},\"headline\":\"FPM: munic\u00edpios recebem 5,5 bi na pr\u00f3xima sexta (8); consulte o valor a ser repassado para a sua cidade\",\"datePublished\":\"2024-03-07T11:45:41+00:00\",\"mainEntityOfPage\":{\"@id\":\"https:\\\/\\\/defrentecomanamaria.com.br\\\/wp\\\/2024\\\/03\\\/07\\\/fpm-municipios-recebem-55-bi-na-proxima-sexta-8-consulte-o-valor-a-ser-repassado-para-a-sua-cidade\\\/\"},\"wordCount\":608,\"commentCount\":0,\"publisher\":{\"@id\":\"https:\\\/\\\/defrentecomanamaria.com.br\\\/wp\\\/#\\\/schema\\\/person\\\/2ceed77e817c80624560822b8eae8f25\"},\"image\":{\"@id\":\"https:\\\/\\\/defrentecomanamaria.com.br\\\/wp\\\/2024\\\/03\\\/07\\\/fpm-municipios-recebem-55-bi-na-proxima-sexta-8-consulte-o-valor-a-ser-repassado-para-a-sua-cidade\\\/#primaryimage\"},\"thumbnailUrl\":\"https:\\\/\\\/d32exhd5j7o0z1.cloudfront.net\\\/variants\\\/X6JPq2Uf1uQwkReWELhxpcSY\\\/b6ddb1640e40bdd68db56d48e7164c4813c0819bad11420b1fe7db253f4a5ce3\",\"articleSection\":[\"Economia\"],\"inLanguage\":\"pt-BR\",\"potentialAction\":[{\"@type\":\"CommentAction\",\"name\":\"Comment\",\"target\":[\"https:\\\/\\\/defrentecomanamaria.com.br\\\/wp\\\/2024\\\/03\\\/07\\\/fpm-municipios-recebem-55-bi-na-proxima-sexta-8-consulte-o-valor-a-ser-repassado-para-a-sua-cidade\\\/#respond\"]}]},{\"@type\":\"WebPage\",\"@id\":\"https:\\\/\\\/defrentecomanamaria.com.br\\\/wp\\\/2024\\\/03\\\/07\\\/fpm-municipios-recebem-55-bi-na-proxima-sexta-8-consulte-o-valor-a-ser-repassado-para-a-sua-cidade\\\/\",\"url\":\"https:\\\/\\\/defrentecomanamaria.com.br\\\/wp\\\/2024\\\/03\\\/07\\\/fpm-municipios-recebem-55-bi-na-proxima-sexta-8-consulte-o-valor-a-ser-repassado-para-a-sua-cidade\\\/\",\"name\":\"FPM: munic\u00edpios recebem 5,5 bi na pr\u00f3xima sexta (8); consulte o valor a ser repassado para a sua cidade - De Frente com Ana Maria\",\"isPartOf\":{\"@id\":\"https:\\\/\\\/defrentecomanamaria.com.br\\\/wp\\\/#website\"},\"primaryImageOfPage\":{\"@id\":\"https:\\\/\\\/defrentecomanamaria.com.br\\\/wp\\\/2024\\\/03\\\/07\\\/fpm-municipios-recebem-55-bi-na-proxima-sexta-8-consulte-o-valor-a-ser-repassado-para-a-sua-cidade\\\/#primaryimage\"},\"image\":{\"@id\":\"https:\\\/\\\/defrentecomanamaria.com.br\\\/wp\\\/2024\\\/03\\\/07\\\/fpm-municipios-recebem-55-bi-na-proxima-sexta-8-consulte-o-valor-a-ser-repassado-para-a-sua-cidade\\\/#primaryimage\"},\"thumbnailUrl\":\"https:\\\/\\\/d32exhd5j7o0z1.cloudfront.net\\\/variants\\\/X6JPq2Uf1uQwkReWELhxpcSY\\\/b6ddb1640e40bdd68db56d48e7164c4813c0819bad11420b1fe7db253f4a5ce3\",\"datePublished\":\"2024-03-07T11:45:41+00:00\",\"breadcrumb\":{\"@id\":\"https:\\\/\\\/defrentecomanamaria.com.br\\\/wp\\\/2024\\\/03\\\/07\\\/fpm-municipios-recebem-55-bi-na-proxima-sexta-8-consulte-o-valor-a-ser-repassado-para-a-sua-cidade\\\/#breadcrumb\"},\"inLanguage\":\"pt-BR\",\"potentialAction\":[{\"@type\":\"ReadAction\",\"target\":[\"https:\\\/\\\/defrentecomanamaria.com.br\\\/wp\\\/2024\\\/03\\\/07\\\/fpm-municipios-recebem-55-bi-na-proxima-sexta-8-consulte-o-valor-a-ser-repassado-para-a-sua-cidade\\\/\"]}]},{\"@type\":\"ImageObject\",\"inLanguage\":\"pt-BR\",\"@id\":\"https:\\\/\\\/defrentecomanamaria.com.br\\\/wp\\\/2024\\\/03\\\/07\\\/fpm-municipios-recebem-55-bi-na-proxima-sexta-8-consulte-o-valor-a-ser-repassado-para-a-sua-cidade\\\/#primaryimage\",\"url\":\"https:\\\/\\\/d32exhd5j7o0z1.cloudfront.net\\\/variants\\\/X6JPq2Uf1uQwkReWELhxpcSY\\\/b6ddb1640e40bdd68db56d48e7164c4813c0819bad11420b1fe7db253f4a5ce3\",\"contentUrl\":\"https:\\\/\\\/d32exhd5j7o0z1.cloudfront.net\\\/variants\\\/X6JPq2Uf1uQwkReWELhxpcSY\\\/b6ddb1640e40bdd68db56d48e7164c4813c0819bad11420b1fe7db253f4a5ce3\"},{\"@type\":\"BreadcrumbList\",\"@id\":\"https:\\\/\\\/defrentecomanamaria.com.br\\\/wp\\\/2024\\\/03\\\/07\\\/fpm-municipios-recebem-55-bi-na-proxima-sexta-8-consulte-o-valor-a-ser-repassado-para-a-sua-cidade\\\/#breadcrumb\",\"itemListElement\":[{\"@type\":\"ListItem\",\"position\":1,\"name\":\"In\u00edcio\",\"item\":\"https:\\\/\\\/defrentecomanamaria.com.br\\\/wp\\\/\"},{\"@type\":\"ListItem\",\"position\":2,\"name\":\"FPM: munic\u00edpios recebem 5,5 bi na pr\u00f3xima sexta (8); consulte o valor a ser repassado para a sua cidade\"}]},{\"@type\":\"WebSite\",\"@id\":\"https:\\\/\\\/defrentecomanamaria.com.br\\\/wp\\\/#website\",\"url\":\"https:\\\/\\\/defrentecomanamaria.com.br\\\/wp\\\/\",\"name\":\"De Frente com Ana Maria\",\"description\":\"A informa\u00e7\u00e3o mais perto de voc\u00ea.\",\"publisher\":{\"@id\":\"https:\\\/\\\/defrentecomanamaria.com.br\\\/wp\\\/#\\\/schema\\\/person\\\/2ceed77e817c80624560822b8eae8f25\"},\"potentialAction\":[{\"@type\":\"SearchAction\",\"target\":{\"@type\":\"EntryPoint\",\"urlTemplate\":\"https:\\\/\\\/defrentecomanamaria.com.br\\\/wp\\\/?s={search_term_string}\"},\"query-input\":{\"@type\":\"PropertyValueSpecification\",\"valueRequired\":true,\"valueName\":\"search_term_string\"}}],\"inLanguage\":\"pt-BR\"},{\"@type\":[\"Person\",\"Organization\"],\"@id\":\"https:\\\/\\\/defrentecomanamaria.com.br\\\/wp\\\/#\\\/schema\\\/person\\\/2ceed77e817c80624560822b8eae8f25\",\"name\":\"Ana Maria\",\"image\":{\"@type\":\"ImageObject\",\"inLanguage\":\"pt-BR\",\"@id\":\"https:\\\/\\\/defrentecomanamaria.com.br\\\/wp\\\/wp-content\\\/uploads\\\/2023\\\/11\\\/Ana-Maria-Santos-1080x641-1.png\",\"url\":\"https:\\\/\\\/defrentecomanamaria.com.br\\\/wp\\\/wp-content\\\/uploads\\\/2023\\\/11\\\/Ana-Maria-Santos-1080x641-1.png\",\"contentUrl\":\"https:\\\/\\\/defrentecomanamaria.com.br\\\/wp\\\/wp-content\\\/uploads\\\/2023\\\/11\\\/Ana-Maria-Santos-1080x641-1.png\",\"width\":1080,\"height\":641,\"caption\":\"Ana Maria\"},\"logo\":{\"@id\":\"https:\\\/\\\/defrentecomanamaria.com.br\\\/wp\\\/wp-content\\\/uploads\\\/2023\\\/11\\\/Ana-Maria-Santos-1080x641-1.png\"},\"sameAs\":[\"https:\\\/\\\/defrentecomanamaria.com.br\\\/wp\\\/\"]},{\"@type\":\"Person\",\"@id\":\"https:\\\/\\\/defrentecomanamaria.com.br\\\/wp\\\/#\\\/schema\\\/person\\\/99c268442c231bfaa36dfbe3399aee1a\",\"name\":\"De frente com Ana Maria\",\"image\":{\"@type\":\"ImageObject\",\"inLanguage\":\"pt-BR\",\"@id\":\"https:\\\/\\\/secure.gravatar.com\\\/avatar\\\/247c813f906f437fc14d9a9eea9198855911a6b05d1abd1be4c95e987716a339?s=96&d=mm&r=g\",\"url\":\"https:\\\/\\\/secure.gravatar.com\\\/avatar\\\/247c813f906f437fc14d9a9eea9198855911a6b05d1abd1be4c95e987716a339?s=96&d=mm&r=g\",\"contentUrl\":\"https:\\\/\\\/secure.gravatar.com\\\/avatar\\\/247c813f906f437fc14d9a9eea9198855911a6b05d1abd1be4c95e987716a339?s=96&d=mm&r=g\",\"caption\":\"De frente com Ana Maria\"},\"url\":\"https:\\\/\\\/defrentecomanamaria.com.br\\\/wp\\\/author\\\/admin\\\/\"}]}<\/script>\n<!-- \/ Yoast SEO plugin. -->","yoast_head_json":{"title":"FPM: munic\u00edpios recebem 5,5 bi na pr\u00f3xima sexta (8); consulte o valor a ser repassado para a sua cidade - De Frente com Ana Maria","robots":{"index":"index","follow":"follow","max-snippet":"max-snippet:-1","max-image-preview":"max-image-preview:large","max-video-preview":"max-video-preview:-1"},"canonical":"https:\/\/defrentecomanamaria.com.br\/wp\/2024\/03\/07\/fpm-municipios-recebem-55-bi-na-proxima-sexta-8-consulte-o-valor-a-ser-repassado-para-a-sua-cidade\/","og_locale":"pt_BR","og_type":"article","og_title":"FPM: munic\u00edpios recebem 5,5 bi na pr\u00f3xima sexta (8); consulte o valor a ser repassado para a sua cidade - De Frente com Ana Maria","og_description":"Os mais de 5.560 munic\u00edpios brasileiros recebem nesta sexta-feira (8) a primeira parcela de mar\u00e7o do Fundo de Participa\u00e7\u00e3o dos Munic\u00edpios, o FPM. O valor distribu\u00eddo ser\u00e1 de R$ 5.568.501.309,70, referentes \u00e0\u00a0arrecada\u00e7\u00e3o do per\u00edodo de 21 a\u00a029 de fevereiro. O repasse segue a tend\u00eancia de alta de arrecada\u00e7\u00e3o, com rela\u00e7\u00e3o ao mesmo per\u00edodo de 2023, ... Leia mais","og_url":"https:\/\/defrentecomanamaria.com.br\/wp\/2024\/03\/07\/fpm-municipios-recebem-55-bi-na-proxima-sexta-8-consulte-o-valor-a-ser-repassado-para-a-sua-cidade\/","og_site_name":"De Frente com Ana Maria","article_published_time":"2024-03-07T11:45:41+00:00","og_image":[{"url":"https:\/\/d32exhd5j7o0z1.cloudfront.net\/variants\/X6JPq2Uf1uQwkReWELhxpcSY\/b6ddb1640e40bdd68db56d48e7164c4813c0819bad11420b1fe7db253f4a5ce3","type":"","width":"","height":""}],"author":"De frente com Ana Maria","twitter_card":"summary_large_image","twitter_misc":{"Escrito por":"De frente com Ana Maria","Est. tempo de leitura":"4 minutos"},"schema":{"@context":"https:\/\/schema.org","@graph":[{"@type":"Article","@id":"https:\/\/defrentecomanamaria.com.br\/wp\/2024\/03\/07\/fpm-municipios-recebem-55-bi-na-proxima-sexta-8-consulte-o-valor-a-ser-repassado-para-a-sua-cidade\/#article","isPartOf":{"@id":"https:\/\/defrentecomanamaria.com.br\/wp\/2024\/03\/07\/fpm-municipios-recebem-55-bi-na-proxima-sexta-8-consulte-o-valor-a-ser-repassado-para-a-sua-cidade\/"},"author":{"name":"De frente com Ana Maria","@id":"https:\/\/defrentecomanamaria.com.br\/wp\/#\/schema\/person\/99c268442c231bfaa36dfbe3399aee1a"},"headline":"FPM: munic\u00edpios recebem 5,5 bi na pr\u00f3xima sexta (8); consulte o valor a ser repassado para a sua cidade","datePublished":"2024-03-07T11:45:41+00:00","mainEntityOfPage":{"@id":"https:\/\/defrentecomanamaria.com.br\/wp\/2024\/03\/07\/fpm-municipios-recebem-55-bi-na-proxima-sexta-8-consulte-o-valor-a-ser-repassado-para-a-sua-cidade\/"},"wordCount":608,"commentCount":0,"publisher":{"@id":"https:\/\/defrentecomanamaria.com.br\/wp\/#\/schema\/person\/2ceed77e817c80624560822b8eae8f25"},"image":{"@id":"https:\/\/defrentecomanamaria.com.br\/wp\/2024\/03\/07\/fpm-municipios-recebem-55-bi-na-proxima-sexta-8-consulte-o-valor-a-ser-repassado-para-a-sua-cidade\/#primaryimage"},"thumbnailUrl":"https:\/\/d32exhd5j7o0z1.cloudfront.net\/variants\/X6JPq2Uf1uQwkReWELhxpcSY\/b6ddb1640e40bdd68db56d48e7164c4813c0819bad11420b1fe7db253f4a5ce3","articleSection":["Economia"],"inLanguage":"pt-BR","potentialAction":[{"@type":"CommentAction","name":"Comment","target":["https:\/\/defrentecomanamaria.com.br\/wp\/2024\/03\/07\/fpm-municipios-recebem-55-bi-na-proxima-sexta-8-consulte-o-valor-a-ser-repassado-para-a-sua-cidade\/#respond"]}]},{"@type":"WebPage","@id":"https:\/\/defrentecomanamaria.com.br\/wp\/2024\/03\/07\/fpm-municipios-recebem-55-bi-na-proxima-sexta-8-consulte-o-valor-a-ser-repassado-para-a-sua-cidade\/","url":"https:\/\/defrentecomanamaria.com.br\/wp\/2024\/03\/07\/fpm-municipios-recebem-55-bi-na-proxima-sexta-8-consulte-o-valor-a-ser-repassado-para-a-sua-cidade\/","name":"FPM: munic\u00edpios recebem 5,5 bi na pr\u00f3xima sexta (8); consulte o valor a ser repassado para a sua cidade - De Frente com Ana Maria","isPartOf":{"@id":"https:\/\/defrentecomanamaria.com.br\/wp\/#website"},"primaryImageOfPage":{"@id":"https:\/\/defrentecomanamaria.com.br\/wp\/2024\/03\/07\/fpm-municipios-recebem-55-bi-na-proxima-sexta-8-consulte-o-valor-a-ser-repassado-para-a-sua-cidade\/#primaryimage"},"image":{"@id":"https:\/\/defrentecomanamaria.com.br\/wp\/2024\/03\/07\/fpm-municipios-recebem-55-bi-na-proxima-sexta-8-consulte-o-valor-a-ser-repassado-para-a-sua-cidade\/#primaryimage"},"thumbnailUrl":"https:\/\/d32exhd5j7o0z1.cloudfront.net\/variants\/X6JPq2Uf1uQwkReWELhxpcSY\/b6ddb1640e40bdd68db56d48e7164c4813c0819bad11420b1fe7db253f4a5ce3","datePublished":"2024-03-07T11:45:41+00:00","breadcrumb":{"@id":"https:\/\/defrentecomanamaria.com.br\/wp\/2024\/03\/07\/fpm-municipios-recebem-55-bi-na-proxima-sexta-8-consulte-o-valor-a-ser-repassado-para-a-sua-cidade\/#breadcrumb"},"inLanguage":"pt-BR","potentialAction":[{"@type":"ReadAction","target":["https:\/\/defrentecomanamaria.com.br\/wp\/2024\/03\/07\/fpm-municipios-recebem-55-bi-na-proxima-sexta-8-consulte-o-valor-a-ser-repassado-para-a-sua-cidade\/"]}]},{"@type":"ImageObject","inLanguage":"pt-BR","@id":"https:\/\/defrentecomanamaria.com.br\/wp\/2024\/03\/07\/fpm-municipios-recebem-55-bi-na-proxima-sexta-8-consulte-o-valor-a-ser-repassado-para-a-sua-cidade\/#primaryimage","url":"https:\/\/d32exhd5j7o0z1.cloudfront.net\/variants\/X6JPq2Uf1uQwkReWELhxpcSY\/b6ddb1640e40bdd68db56d48e7164c4813c0819bad11420b1fe7db253f4a5ce3","contentUrl":"https:\/\/d32exhd5j7o0z1.cloudfront.net\/variants\/X6JPq2Uf1uQwkReWELhxpcSY\/b6ddb1640e40bdd68db56d48e7164c4813c0819bad11420b1fe7db253f4a5ce3"},{"@type":"BreadcrumbList","@id":"https:\/\/defrentecomanamaria.com.br\/wp\/2024\/03\/07\/fpm-municipios-recebem-55-bi-na-proxima-sexta-8-consulte-o-valor-a-ser-repassado-para-a-sua-cidade\/#breadcrumb","itemListElement":[{"@type":"ListItem","position":1,"name":"In\u00edcio","item":"https:\/\/defrentecomanamaria.com.br\/wp\/"},{"@type":"ListItem","position":2,"name":"FPM: munic\u00edpios recebem 5,5 bi na pr\u00f3xima sexta (8); consulte o valor a ser repassado para a sua cidade"}]},{"@type":"WebSite","@id":"https:\/\/defrentecomanamaria.com.br\/wp\/#website","url":"https:\/\/defrentecomanamaria.com.br\/wp\/","name":"De Frente com Ana Maria","description":"A informa\u00e7\u00e3o mais perto de voc\u00ea.","publisher":{"@id":"https:\/\/defrentecomanamaria.com.br\/wp\/#\/schema\/person\/2ceed77e817c80624560822b8eae8f25"},"potentialAction":[{"@type":"SearchAction","target":{"@type":"EntryPoint","urlTemplate":"https:\/\/defrentecomanamaria.com.br\/wp\/?s={search_term_string}"},"query-input":{"@type":"PropertyValueSpecification","valueRequired":true,"valueName":"search_term_string"}}],"inLanguage":"pt-BR"},{"@type":["Person","Organization"],"@id":"https:\/\/defrentecomanamaria.com.br\/wp\/#\/schema\/person\/2ceed77e817c80624560822b8eae8f25","name":"Ana Maria","image":{"@type":"ImageObject","inLanguage":"pt-BR","@id":"https:\/\/defrentecomanamaria.com.br\/wp\/wp-content\/uploads\/2023\/11\/Ana-Maria-Santos-1080x641-1.png","url":"https:\/\/defrentecomanamaria.com.br\/wp\/wp-content\/uploads\/2023\/11\/Ana-Maria-Santos-1080x641-1.png","contentUrl":"https:\/\/defrentecomanamaria.com.br\/wp\/wp-content\/uploads\/2023\/11\/Ana-Maria-Santos-1080x641-1.png","width":1080,"height":641,"caption":"Ana Maria"},"logo":{"@id":"https:\/\/defrentecomanamaria.com.br\/wp\/wp-content\/uploads\/2023\/11\/Ana-Maria-Santos-1080x641-1.png"},"sameAs":["https:\/\/defrentecomanamaria.com.br\/wp\/"]},{"@type":"Person","@id":"https:\/\/defrentecomanamaria.com.br\/wp\/#\/schema\/person\/99c268442c231bfaa36dfbe3399aee1a","name":"De frente com Ana Maria","image":{"@type":"ImageObject","inLanguage":"pt-BR","@id":"https:\/\/secure.gravatar.com\/avatar\/247c813f906f437fc14d9a9eea9198855911a6b05d1abd1be4c95e987716a339?s=96&d=mm&r=g","url":"https:\/\/secure.gravatar.com\/avatar\/247c813f906f437fc14d9a9eea9198855911a6b05d1abd1be4c95e987716a339?s=96&d=mm&r=g","contentUrl":"https:\/\/secure.gravatar.com\/avatar\/247c813f906f437fc14d9a9eea9198855911a6b05d1abd1be4c95e987716a339?s=96&d=mm&r=g","caption":"De frente com Ana Maria"},"url":"https:\/\/defrentecomanamaria.com.br\/wp\/author\/admin\/"}]}},"_links":{"self":[{"href":"https:\/\/defrentecomanamaria.com.br\/wp\/wp-json\/wp\/v2\/posts\/15757","targetHints":{"allow":["GET"]}}],"collection":[{"href":"https:\/\/defrentecomanamaria.com.br\/wp\/wp-json\/wp\/v2\/posts"}],"about":[{"href":"https:\/\/defrentecomanamaria.com.br\/wp\/wp-json\/wp\/v2\/types\/post"}],"author":[{"embeddable":true,"href":"https:\/\/defrentecomanamaria.com.br\/wp\/wp-json\/wp\/v2\/users\/7"}],"replies":[{"embeddable":true,"href":"https:\/\/defrentecomanamaria.com.br\/wp\/wp-json\/wp\/v2\/comments?post=15757"}],"version-history":[{"count":1,"href":"https:\/\/defrentecomanamaria.com.br\/wp\/wp-json\/wp\/v2\/posts\/15757\/revisions"}],"predecessor-version":[{"id":15758,"href":"https:\/\/defrentecomanamaria.com.br\/wp\/wp-json\/wp\/v2\/posts\/15757\/revisions\/15758"}],"wp:attachment":[{"href":"https:\/\/defrentecomanamaria.com.br\/wp\/wp-json\/wp\/v2\/media?parent=15757"}],"wp:term":[{"taxonomy":"category","embeddable":true,"href":"https:\/\/defrentecomanamaria.com.br\/wp\/wp-json\/wp\/v2\/categories?post=15757"},{"taxonomy":"post_tag","embeddable":true,"href":"https:\/\/defrentecomanamaria.com.br\/wp\/wp-json\/wp\/v2\/tags?post=15757"}],"curies":[{"name":"wp","href":"https:\/\/api.w.org\/{rel}","templated":true}]}}