{"id":15767,"date":"2024-03-07T09:14:27","date_gmt":"2024-03-07T12:14:27","guid":{"rendered":"https:\/\/defrentecomanamaria.com.br\/?p=15767"},"modified":"2024-03-07T09:14:27","modified_gmt":"2024-03-07T12:14:27","slug":"saiba-quando-o-mei-deve-declarar-o-imposto-de-renda","status":"publish","type":"post","link":"https:\/\/defrentecomanamaria.com.br\/wp\/2024\/03\/07\/saiba-quando-o-mei-deve-declarar-o-imposto-de-renda\/","title":{"rendered":"Saiba quando o MEI deve declarar o Imposto de Renda"},"content":{"rendered":"<figure style=\"width: 628px\" class=\"wp-caption aligncenter\"><img fetchpriority=\"high\" decoding=\"async\" class=\"img-fluid\" title=\"Deve declarar quem teve renda tribut\u00e1vel acima de R$ 30.639,90 em 2023 ou possuir bens acima de R$ 800 mil  (Cr\u00e9dito: Talita de Souza\/CB\/D.A.Press\n)\" src=\"https:\/\/www.diariodepernambuco.com.br\/dpimages\/rFGiGskGKHY4Owc3Hjv1suf86NQ=\/960x0\/smart\/imgsapp.diariodepernambuco.com.br\/app\/noticia_127983242361\/2024\/03\/07\/948487\/20240307072609706341e.png\" alt=\"Deve declarar quem teve renda tribut\u00e1vel acima de R$ 30.639,90 em 2023 ou possuir bens acima de R$ 800 mil \n (Cr\u00e9dito: Talita de Souza\/CB\/D.A.Press\n)\" width=\"638\" height=\"425\" \/><figcaption class=\"wp-caption-text\">Deve declarar quem teve renda tribut\u00e1vel acima de R$ 30.639,90 em 2023 ou possuir bens acima de R$ 800 mil (Cr\u00e9dito: Talita de Souza\/CB\/D.A.Press )<\/figcaption><\/figure>\n<p class=\"desc_noticia\" style=\"text-align: center;\"><strong><em>Para a declara\u00e7\u00e3o de IRPF, o MEI precisa considerar os rendimentos obtidos tanto da empresa quanto de outras fontes, se houver<\/em><\/strong><\/p>\n<p style=\"text-align: justify;\">Quem trabalhou como Microempreendedor Individual (<strong>MEI<\/strong>) no ano passado tamb\u00e9m poder\u00e1 ser obrigado a fazer a declara\u00e7\u00e3o do <strong>Imposto de Renda<\/strong>. Isso vale para aquele que se enquadrar em qualquer uma das regras do IR deste ano, como ter tido renda tribut\u00e1vel acima de R$ 30.639,90 em 2023 ou possuir bens acima de R$ 800 mil.<\/p>\n<p style=\"text-align: justify;\">Segundo o advogado tributarista, s\u00f3cio da RMS Advogados, Leonardo Roesler, \u00e9 importante ressaltar que para declarar o <strong>Imposto de Renda<\/strong> 2024, \u00e9 essencial seguir um procedimento detalhado.<\/p>\n<p style=\"text-align: justify;\">&#8220;Primeiramente, o <strong>MEI <\/strong>deve compreender que sua declara\u00e7\u00e3o envolve tanto a pessoa jur\u00eddica quanto a pessoa f\u00edsica. Isso significa que h\u00e1 duas declara\u00e7\u00f5es distintas a serem feitas: uma para a empresa e outra para o indiv\u00edduo&#8221;, disse.<\/p>\n<p style=\"text-align: justify;\"><strong>Simples<\/strong><\/p>\n<p style=\"text-align: justify;\">&#8220;O <strong>MEI <\/strong>deve come\u00e7ar por preparar a Declara\u00e7\u00e3o Anual do Simples Nacional para o Microempreendedor Individual (DASN-SIMEI), que \u00e9 focada nos rendimentos da empresa. Esta declara\u00e7\u00e3o \u00e9 relativamente simples, exigindo informa\u00e7\u00f5es sobre o total da receita bruta anual. \u00c9 crucial que o <strong>MEI <\/strong>mantenha todos os registros de vendas e servi\u00e7os para preencher corretamente essa declara\u00e7\u00e3o&#8221;, pontuou Roesler.<\/p>\n<p style=\"text-align: justify;\">Para a declara\u00e7\u00e3o de<strong> Imposto de Renda<\/strong> Pessoa F\u00edsica (IRPF), o <strong>MEI <\/strong>precisa considerar os rendimentos obtidos tanto da empresa quanto de outras fontes, se houver. De acordo com Roesler, nesta fase, \u00e9 importante calcular o lucro da atividade de microempreendedor, que \u00e9 isento e n\u00e3o tribut\u00e1vel, mas deve ser reportado.<!--more--><\/p>\n<p style=\"text-align: justify;\">Para determinar esse lucro, podem ser aplicados percentuais sobre a receita bruta, variando conforme o tipo de atividade exercida.<\/p>\n<p style=\"text-align: justify;\">&#8220;Al\u00e9m disso, \u00e9 fundamental que o <strong>MEI <\/strong>esteja atento aos rendimentos tribut\u00e1veis que excedam o limite de isen\u00e7\u00e3o. Estes devem ser declarados na ficha de &#8216;Rendimentos Tribut\u00e1veis Recebidos de Pessoa Jur\u00eddica&#8217;.<\/p>\n<p style=\"text-align: justify;\">Gastos com previd\u00eancia social e outras despesas dedut\u00edveis tamb\u00e9m devem ser considerados. O <strong>MEI <\/strong>deve, portanto, organizar todos os documentos necess\u00e1rios, incluindo comprovantes de rendimentos e despesas, para garantir uma declara\u00e7\u00e3o precisa e evitar problemas com a Receita Federal&#8221;, explicou o advogado.<\/p>\n<p style=\"text-align: justify;\">\n<p style=\"text-align: justify;\">As informa\u00e7\u00f5es s\u00e3o do\u00a0<a href=\"https:\/\/www.correiobraziliense.com.br\/economia\/2024\/03\/6814729-saiba-quando-o-mei-deve-declarar-o-imposto-de-renda.html\" target=\"blank\" rel=\"noopener\"><em><strong>Correio Braziliense<\/strong><\/em><\/a>.<\/p>\n<div class=\"abas\">\n<div id=\"pills-tabContent\" class=\"tab-content\">\n<div id=\"abanoticia\" class=\"tab-pane fade show active\" role=\"tabpanel\" aria-labelledby=\"pills-noticia-tab\">\n<div id=\"items_noticia\">\n<div class=\"row\">\n<div id=\"autorNoticia\" class=\"w-100 d-block\" style=\"text-align: justify;\"><strong><em><span class=\"d-inline\"><small class=\"text-muted\">Por:<\/small> Fernanda Strickland &#8211; Correio Braziliense<\/span><\/em><\/strong><\/div>\n<\/div>\n<\/div>\n<\/div>\n<\/div>\n<\/div>\n","protected":false},"excerpt":{"rendered":"<p>Para a declara\u00e7\u00e3o de IRPF, o MEI precisa considerar os rendimentos obtidos tanto da empresa quanto de outras fontes, se houver Quem trabalhou como Microempreendedor Individual (MEI) no ano passado tamb\u00e9m poder\u00e1 ser obrigado a fazer a declara\u00e7\u00e3o do Imposto de Renda. Isso vale para aquele que se enquadrar em qualquer uma das regras do &#8230; <a title=\"Saiba quando o MEI deve declarar o Imposto de Renda\" class=\"read-more\" href=\"https:\/\/defrentecomanamaria.com.br\/wp\/2024\/03\/07\/saiba-quando-o-mei-deve-declarar-o-imposto-de-renda\/\" aria-label=\"More on Saiba quando o MEI deve declarar o Imposto de Renda\">Leia mais<\/a><\/p>\n","protected":false},"author":7,"featured_media":0,"comment_status":"open","ping_status":"open","sticky":false,"template":"","format":"standard","meta":{"footnotes":""},"categories":[56],"tags":[],"class_list":["post-15767","post","type-post","status-publish","format-standard","hentry","category-economia"],"yoast_head":"<!-- This site is optimized with the Yoast SEO plugin v27.3 - https:\/\/yoast.com\/product\/yoast-seo-wordpress\/ -->\n<title>Saiba quando o MEI deve declarar o Imposto de Renda - De Frente com Ana Maria<\/title>\n<meta name=\"robots\" content=\"index, follow, max-snippet:-1, max-image-preview:large, max-video-preview:-1\" \/>\n<link rel=\"canonical\" href=\"https:\/\/defrentecomanamaria.com.br\/wp\/2024\/03\/07\/saiba-quando-o-mei-deve-declarar-o-imposto-de-renda\/\" \/>\n<meta property=\"og:locale\" content=\"pt_BR\" \/>\n<meta property=\"og:type\" content=\"article\" \/>\n<meta property=\"og:title\" content=\"Saiba quando o MEI deve declarar o Imposto de Renda - De Frente com Ana Maria\" \/>\n<meta property=\"og:description\" content=\"Para a declara\u00e7\u00e3o de IRPF, o MEI precisa considerar os rendimentos obtidos tanto da empresa quanto de outras fontes, se houver Quem trabalhou como Microempreendedor Individual (MEI) no ano passado tamb\u00e9m poder\u00e1 ser obrigado a fazer a declara\u00e7\u00e3o do Imposto de Renda. Isso vale para aquele que se enquadrar em qualquer uma das regras do ... Leia mais\" \/>\n<meta property=\"og:url\" content=\"https:\/\/defrentecomanamaria.com.br\/wp\/2024\/03\/07\/saiba-quando-o-mei-deve-declarar-o-imposto-de-renda\/\" \/>\n<meta property=\"og:site_name\" content=\"De Frente com Ana Maria\" \/>\n<meta property=\"article:published_time\" content=\"2024-03-07T12:14:27+00:00\" \/>\n<meta property=\"og:image\" content=\"https:\/\/www.diariodepernambuco.com.br\/dpimages\/rFGiGskGKHY4Owc3Hjv1suf86NQ=\/960x0\/smart\/imgsapp.diariodepernambuco.com.br\/app\/noticia_127983242361\/2024\/03\/07\/948487\/20240307072609706341e.png\" \/>\n<meta name=\"author\" content=\"De frente com Ana Maria\" \/>\n<meta name=\"twitter:card\" content=\"summary_large_image\" \/>\n<meta name=\"twitter:label1\" content=\"Escrito por\" \/>\n\t<meta name=\"twitter:data1\" content=\"De frente com Ana Maria\" \/>\n\t<meta name=\"twitter:label2\" content=\"Est. tempo de leitura\" \/>\n\t<meta name=\"twitter:data2\" content=\"3 minutos\" \/>\n<script type=\"application\/ld+json\" class=\"yoast-schema-graph\">{\"@context\":\"https:\\\/\\\/schema.org\",\"@graph\":[{\"@type\":\"Article\",\"@id\":\"https:\\\/\\\/defrentecomanamaria.com.br\\\/wp\\\/2024\\\/03\\\/07\\\/saiba-quando-o-mei-deve-declarar-o-imposto-de-renda\\\/#article\",\"isPartOf\":{\"@id\":\"https:\\\/\\\/defrentecomanamaria.com.br\\\/wp\\\/2024\\\/03\\\/07\\\/saiba-quando-o-mei-deve-declarar-o-imposto-de-renda\\\/\"},\"author\":{\"name\":\"De frente com Ana Maria\",\"@id\":\"https:\\\/\\\/defrentecomanamaria.com.br\\\/wp\\\/#\\\/schema\\\/person\\\/99c268442c231bfaa36dfbe3399aee1a\"},\"headline\":\"Saiba quando o MEI deve declarar o Imposto de Renda\",\"datePublished\":\"2024-03-07T12:14:27+00:00\",\"mainEntityOfPage\":{\"@id\":\"https:\\\/\\\/defrentecomanamaria.com.br\\\/wp\\\/2024\\\/03\\\/07\\\/saiba-quando-o-mei-deve-declarar-o-imposto-de-renda\\\/\"},\"wordCount\":418,\"commentCount\":0,\"publisher\":{\"@id\":\"https:\\\/\\\/defrentecomanamaria.com.br\\\/wp\\\/#\\\/schema\\\/person\\\/2ceed77e817c80624560822b8eae8f25\"},\"image\":{\"@id\":\"https:\\\/\\\/defrentecomanamaria.com.br\\\/wp\\\/2024\\\/03\\\/07\\\/saiba-quando-o-mei-deve-declarar-o-imposto-de-renda\\\/#primaryimage\"},\"thumbnailUrl\":\"https:\\\/\\\/www.diariodepernambuco.com.br\\\/dpimages\\\/rFGiGskGKHY4Owc3Hjv1suf86NQ=\\\/960x0\\\/smart\\\/imgsapp.diariodepernambuco.com.br\\\/app\\\/noticia_127983242361\\\/2024\\\/03\\\/07\\\/948487\\\/20240307072609706341e.png\",\"articleSection\":[\"Economia\"],\"inLanguage\":\"pt-BR\",\"potentialAction\":[{\"@type\":\"CommentAction\",\"name\":\"Comment\",\"target\":[\"https:\\\/\\\/defrentecomanamaria.com.br\\\/wp\\\/2024\\\/03\\\/07\\\/saiba-quando-o-mei-deve-declarar-o-imposto-de-renda\\\/#respond\"]}]},{\"@type\":\"WebPage\",\"@id\":\"https:\\\/\\\/defrentecomanamaria.com.br\\\/wp\\\/2024\\\/03\\\/07\\\/saiba-quando-o-mei-deve-declarar-o-imposto-de-renda\\\/\",\"url\":\"https:\\\/\\\/defrentecomanamaria.com.br\\\/wp\\\/2024\\\/03\\\/07\\\/saiba-quando-o-mei-deve-declarar-o-imposto-de-renda\\\/\",\"name\":\"Saiba quando o MEI deve declarar o Imposto de Renda - De Frente com Ana Maria\",\"isPartOf\":{\"@id\":\"https:\\\/\\\/defrentecomanamaria.com.br\\\/wp\\\/#website\"},\"primaryImageOfPage\":{\"@id\":\"https:\\\/\\\/defrentecomanamaria.com.br\\\/wp\\\/2024\\\/03\\\/07\\\/saiba-quando-o-mei-deve-declarar-o-imposto-de-renda\\\/#primaryimage\"},\"image\":{\"@id\":\"https:\\\/\\\/defrentecomanamaria.com.br\\\/wp\\\/2024\\\/03\\\/07\\\/saiba-quando-o-mei-deve-declarar-o-imposto-de-renda\\\/#primaryimage\"},\"thumbnailUrl\":\"https:\\\/\\\/www.diariodepernambuco.com.br\\\/dpimages\\\/rFGiGskGKHY4Owc3Hjv1suf86NQ=\\\/960x0\\\/smart\\\/imgsapp.diariodepernambuco.com.br\\\/app\\\/noticia_127983242361\\\/2024\\\/03\\\/07\\\/948487\\\/20240307072609706341e.png\",\"datePublished\":\"2024-03-07T12:14:27+00:00\",\"breadcrumb\":{\"@id\":\"https:\\\/\\\/defrentecomanamaria.com.br\\\/wp\\\/2024\\\/03\\\/07\\\/saiba-quando-o-mei-deve-declarar-o-imposto-de-renda\\\/#breadcrumb\"},\"inLanguage\":\"pt-BR\",\"potentialAction\":[{\"@type\":\"ReadAction\",\"target\":[\"https:\\\/\\\/defrentecomanamaria.com.br\\\/wp\\\/2024\\\/03\\\/07\\\/saiba-quando-o-mei-deve-declarar-o-imposto-de-renda\\\/\"]}]},{\"@type\":\"ImageObject\",\"inLanguage\":\"pt-BR\",\"@id\":\"https:\\\/\\\/defrentecomanamaria.com.br\\\/wp\\\/2024\\\/03\\\/07\\\/saiba-quando-o-mei-deve-declarar-o-imposto-de-renda\\\/#primaryimage\",\"url\":\"https:\\\/\\\/www.diariodepernambuco.com.br\\\/dpimages\\\/rFGiGskGKHY4Owc3Hjv1suf86NQ=\\\/960x0\\\/smart\\\/imgsapp.diariodepernambuco.com.br\\\/app\\\/noticia_127983242361\\\/2024\\\/03\\\/07\\\/948487\\\/20240307072609706341e.png\",\"contentUrl\":\"https:\\\/\\\/www.diariodepernambuco.com.br\\\/dpimages\\\/rFGiGskGKHY4Owc3Hjv1suf86NQ=\\\/960x0\\\/smart\\\/imgsapp.diariodepernambuco.com.br\\\/app\\\/noticia_127983242361\\\/2024\\\/03\\\/07\\\/948487\\\/20240307072609706341e.png\"},{\"@type\":\"BreadcrumbList\",\"@id\":\"https:\\\/\\\/defrentecomanamaria.com.br\\\/wp\\\/2024\\\/03\\\/07\\\/saiba-quando-o-mei-deve-declarar-o-imposto-de-renda\\\/#breadcrumb\",\"itemListElement\":[{\"@type\":\"ListItem\",\"position\":1,\"name\":\"In\u00edcio\",\"item\":\"https:\\\/\\\/defrentecomanamaria.com.br\\\/wp\\\/\"},{\"@type\":\"ListItem\",\"position\":2,\"name\":\"Saiba quando o MEI deve declarar o Imposto de Renda\"}]},{\"@type\":\"WebSite\",\"@id\":\"https:\\\/\\\/defrentecomanamaria.com.br\\\/wp\\\/#website\",\"url\":\"https:\\\/\\\/defrentecomanamaria.com.br\\\/wp\\\/\",\"name\":\"De Frente com Ana Maria\",\"description\":\"A informa\u00e7\u00e3o mais perto de voc\u00ea.\",\"publisher\":{\"@id\":\"https:\\\/\\\/defrentecomanamaria.com.br\\\/wp\\\/#\\\/schema\\\/person\\\/2ceed77e817c80624560822b8eae8f25\"},\"potentialAction\":[{\"@type\":\"SearchAction\",\"target\":{\"@type\":\"EntryPoint\",\"urlTemplate\":\"https:\\\/\\\/defrentecomanamaria.com.br\\\/wp\\\/?s={search_term_string}\"},\"query-input\":{\"@type\":\"PropertyValueSpecification\",\"valueRequired\":true,\"valueName\":\"search_term_string\"}}],\"inLanguage\":\"pt-BR\"},{\"@type\":[\"Person\",\"Organization\"],\"@id\":\"https:\\\/\\\/defrentecomanamaria.com.br\\\/wp\\\/#\\\/schema\\\/person\\\/2ceed77e817c80624560822b8eae8f25\",\"name\":\"Ana Maria\",\"image\":{\"@type\":\"ImageObject\",\"inLanguage\":\"pt-BR\",\"@id\":\"https:\\\/\\\/defrentecomanamaria.com.br\\\/wp\\\/wp-content\\\/uploads\\\/2023\\\/11\\\/Ana-Maria-Santos-1080x641-1.png\",\"url\":\"https:\\\/\\\/defrentecomanamaria.com.br\\\/wp\\\/wp-content\\\/uploads\\\/2023\\\/11\\\/Ana-Maria-Santos-1080x641-1.png\",\"contentUrl\":\"https:\\\/\\\/defrentecomanamaria.com.br\\\/wp\\\/wp-content\\\/uploads\\\/2023\\\/11\\\/Ana-Maria-Santos-1080x641-1.png\",\"width\":1080,\"height\":641,\"caption\":\"Ana Maria\"},\"logo\":{\"@id\":\"https:\\\/\\\/defrentecomanamaria.com.br\\\/wp\\\/wp-content\\\/uploads\\\/2023\\\/11\\\/Ana-Maria-Santos-1080x641-1.png\"},\"sameAs\":[\"https:\\\/\\\/defrentecomanamaria.com.br\\\/wp\\\/\"]},{\"@type\":\"Person\",\"@id\":\"https:\\\/\\\/defrentecomanamaria.com.br\\\/wp\\\/#\\\/schema\\\/person\\\/99c268442c231bfaa36dfbe3399aee1a\",\"name\":\"De frente com Ana Maria\",\"image\":{\"@type\":\"ImageObject\",\"inLanguage\":\"pt-BR\",\"@id\":\"https:\\\/\\\/secure.gravatar.com\\\/avatar\\\/247c813f906f437fc14d9a9eea9198855911a6b05d1abd1be4c95e987716a339?s=96&d=mm&r=g\",\"url\":\"https:\\\/\\\/secure.gravatar.com\\\/avatar\\\/247c813f906f437fc14d9a9eea9198855911a6b05d1abd1be4c95e987716a339?s=96&d=mm&r=g\",\"contentUrl\":\"https:\\\/\\\/secure.gravatar.com\\\/avatar\\\/247c813f906f437fc14d9a9eea9198855911a6b05d1abd1be4c95e987716a339?s=96&d=mm&r=g\",\"caption\":\"De frente com Ana Maria\"},\"url\":\"https:\\\/\\\/defrentecomanamaria.com.br\\\/wp\\\/author\\\/admin\\\/\"}]}<\/script>\n<!-- \/ Yoast SEO plugin. -->","yoast_head_json":{"title":"Saiba quando o MEI deve declarar o Imposto de Renda - De Frente com Ana Maria","robots":{"index":"index","follow":"follow","max-snippet":"max-snippet:-1","max-image-preview":"max-image-preview:large","max-video-preview":"max-video-preview:-1"},"canonical":"https:\/\/defrentecomanamaria.com.br\/wp\/2024\/03\/07\/saiba-quando-o-mei-deve-declarar-o-imposto-de-renda\/","og_locale":"pt_BR","og_type":"article","og_title":"Saiba quando o MEI deve declarar o Imposto de Renda - De Frente com Ana Maria","og_description":"Para a declara\u00e7\u00e3o de IRPF, o MEI precisa considerar os rendimentos obtidos tanto da empresa quanto de outras fontes, se houver Quem trabalhou como Microempreendedor Individual (MEI) no ano passado tamb\u00e9m poder\u00e1 ser obrigado a fazer a declara\u00e7\u00e3o do Imposto de Renda. Isso vale para aquele que se enquadrar em qualquer uma das regras do ... Leia mais","og_url":"https:\/\/defrentecomanamaria.com.br\/wp\/2024\/03\/07\/saiba-quando-o-mei-deve-declarar-o-imposto-de-renda\/","og_site_name":"De Frente com Ana Maria","article_published_time":"2024-03-07T12:14:27+00:00","og_image":[{"url":"https:\/\/www.diariodepernambuco.com.br\/dpimages\/rFGiGskGKHY4Owc3Hjv1suf86NQ=\/960x0\/smart\/imgsapp.diariodepernambuco.com.br\/app\/noticia_127983242361\/2024\/03\/07\/948487\/20240307072609706341e.png","type":"","width":"","height":""}],"author":"De frente com Ana Maria","twitter_card":"summary_large_image","twitter_misc":{"Escrito por":"De frente com Ana Maria","Est. tempo de leitura":"3 minutos"},"schema":{"@context":"https:\/\/schema.org","@graph":[{"@type":"Article","@id":"https:\/\/defrentecomanamaria.com.br\/wp\/2024\/03\/07\/saiba-quando-o-mei-deve-declarar-o-imposto-de-renda\/#article","isPartOf":{"@id":"https:\/\/defrentecomanamaria.com.br\/wp\/2024\/03\/07\/saiba-quando-o-mei-deve-declarar-o-imposto-de-renda\/"},"author":{"name":"De frente com Ana Maria","@id":"https:\/\/defrentecomanamaria.com.br\/wp\/#\/schema\/person\/99c268442c231bfaa36dfbe3399aee1a"},"headline":"Saiba quando o MEI deve declarar o Imposto de Renda","datePublished":"2024-03-07T12:14:27+00:00","mainEntityOfPage":{"@id":"https:\/\/defrentecomanamaria.com.br\/wp\/2024\/03\/07\/saiba-quando-o-mei-deve-declarar-o-imposto-de-renda\/"},"wordCount":418,"commentCount":0,"publisher":{"@id":"https:\/\/defrentecomanamaria.com.br\/wp\/#\/schema\/person\/2ceed77e817c80624560822b8eae8f25"},"image":{"@id":"https:\/\/defrentecomanamaria.com.br\/wp\/2024\/03\/07\/saiba-quando-o-mei-deve-declarar-o-imposto-de-renda\/#primaryimage"},"thumbnailUrl":"https:\/\/www.diariodepernambuco.com.br\/dpimages\/rFGiGskGKHY4Owc3Hjv1suf86NQ=\/960x0\/smart\/imgsapp.diariodepernambuco.com.br\/app\/noticia_127983242361\/2024\/03\/07\/948487\/20240307072609706341e.png","articleSection":["Economia"],"inLanguage":"pt-BR","potentialAction":[{"@type":"CommentAction","name":"Comment","target":["https:\/\/defrentecomanamaria.com.br\/wp\/2024\/03\/07\/saiba-quando-o-mei-deve-declarar-o-imposto-de-renda\/#respond"]}]},{"@type":"WebPage","@id":"https:\/\/defrentecomanamaria.com.br\/wp\/2024\/03\/07\/saiba-quando-o-mei-deve-declarar-o-imposto-de-renda\/","url":"https:\/\/defrentecomanamaria.com.br\/wp\/2024\/03\/07\/saiba-quando-o-mei-deve-declarar-o-imposto-de-renda\/","name":"Saiba quando o MEI deve declarar o Imposto de Renda - De Frente com Ana Maria","isPartOf":{"@id":"https:\/\/defrentecomanamaria.com.br\/wp\/#website"},"primaryImageOfPage":{"@id":"https:\/\/defrentecomanamaria.com.br\/wp\/2024\/03\/07\/saiba-quando-o-mei-deve-declarar-o-imposto-de-renda\/#primaryimage"},"image":{"@id":"https:\/\/defrentecomanamaria.com.br\/wp\/2024\/03\/07\/saiba-quando-o-mei-deve-declarar-o-imposto-de-renda\/#primaryimage"},"thumbnailUrl":"https:\/\/www.diariodepernambuco.com.br\/dpimages\/rFGiGskGKHY4Owc3Hjv1suf86NQ=\/960x0\/smart\/imgsapp.diariodepernambuco.com.br\/app\/noticia_127983242361\/2024\/03\/07\/948487\/20240307072609706341e.png","datePublished":"2024-03-07T12:14:27+00:00","breadcrumb":{"@id":"https:\/\/defrentecomanamaria.com.br\/wp\/2024\/03\/07\/saiba-quando-o-mei-deve-declarar-o-imposto-de-renda\/#breadcrumb"},"inLanguage":"pt-BR","potentialAction":[{"@type":"ReadAction","target":["https:\/\/defrentecomanamaria.com.br\/wp\/2024\/03\/07\/saiba-quando-o-mei-deve-declarar-o-imposto-de-renda\/"]}]},{"@type":"ImageObject","inLanguage":"pt-BR","@id":"https:\/\/defrentecomanamaria.com.br\/wp\/2024\/03\/07\/saiba-quando-o-mei-deve-declarar-o-imposto-de-renda\/#primaryimage","url":"https:\/\/www.diariodepernambuco.com.br\/dpimages\/rFGiGskGKHY4Owc3Hjv1suf86NQ=\/960x0\/smart\/imgsapp.diariodepernambuco.com.br\/app\/noticia_127983242361\/2024\/03\/07\/948487\/20240307072609706341e.png","contentUrl":"https:\/\/www.diariodepernambuco.com.br\/dpimages\/rFGiGskGKHY4Owc3Hjv1suf86NQ=\/960x0\/smart\/imgsapp.diariodepernambuco.com.br\/app\/noticia_127983242361\/2024\/03\/07\/948487\/20240307072609706341e.png"},{"@type":"BreadcrumbList","@id":"https:\/\/defrentecomanamaria.com.br\/wp\/2024\/03\/07\/saiba-quando-o-mei-deve-declarar-o-imposto-de-renda\/#breadcrumb","itemListElement":[{"@type":"ListItem","position":1,"name":"In\u00edcio","item":"https:\/\/defrentecomanamaria.com.br\/wp\/"},{"@type":"ListItem","position":2,"name":"Saiba quando o MEI deve declarar o Imposto de Renda"}]},{"@type":"WebSite","@id":"https:\/\/defrentecomanamaria.com.br\/wp\/#website","url":"https:\/\/defrentecomanamaria.com.br\/wp\/","name":"De Frente com Ana Maria","description":"A informa\u00e7\u00e3o mais perto de voc\u00ea.","publisher":{"@id":"https:\/\/defrentecomanamaria.com.br\/wp\/#\/schema\/person\/2ceed77e817c80624560822b8eae8f25"},"potentialAction":[{"@type":"SearchAction","target":{"@type":"EntryPoint","urlTemplate":"https:\/\/defrentecomanamaria.com.br\/wp\/?s={search_term_string}"},"query-input":{"@type":"PropertyValueSpecification","valueRequired":true,"valueName":"search_term_string"}}],"inLanguage":"pt-BR"},{"@type":["Person","Organization"],"@id":"https:\/\/defrentecomanamaria.com.br\/wp\/#\/schema\/person\/2ceed77e817c80624560822b8eae8f25","name":"Ana Maria","image":{"@type":"ImageObject","inLanguage":"pt-BR","@id":"https:\/\/defrentecomanamaria.com.br\/wp\/wp-content\/uploads\/2023\/11\/Ana-Maria-Santos-1080x641-1.png","url":"https:\/\/defrentecomanamaria.com.br\/wp\/wp-content\/uploads\/2023\/11\/Ana-Maria-Santos-1080x641-1.png","contentUrl":"https:\/\/defrentecomanamaria.com.br\/wp\/wp-content\/uploads\/2023\/11\/Ana-Maria-Santos-1080x641-1.png","width":1080,"height":641,"caption":"Ana Maria"},"logo":{"@id":"https:\/\/defrentecomanamaria.com.br\/wp\/wp-content\/uploads\/2023\/11\/Ana-Maria-Santos-1080x641-1.png"},"sameAs":["https:\/\/defrentecomanamaria.com.br\/wp\/"]},{"@type":"Person","@id":"https:\/\/defrentecomanamaria.com.br\/wp\/#\/schema\/person\/99c268442c231bfaa36dfbe3399aee1a","name":"De frente com Ana Maria","image":{"@type":"ImageObject","inLanguage":"pt-BR","@id":"https:\/\/secure.gravatar.com\/avatar\/247c813f906f437fc14d9a9eea9198855911a6b05d1abd1be4c95e987716a339?s=96&d=mm&r=g","url":"https:\/\/secure.gravatar.com\/avatar\/247c813f906f437fc14d9a9eea9198855911a6b05d1abd1be4c95e987716a339?s=96&d=mm&r=g","contentUrl":"https:\/\/secure.gravatar.com\/avatar\/247c813f906f437fc14d9a9eea9198855911a6b05d1abd1be4c95e987716a339?s=96&d=mm&r=g","caption":"De frente com Ana Maria"},"url":"https:\/\/defrentecomanamaria.com.br\/wp\/author\/admin\/"}]}},"_links":{"self":[{"href":"https:\/\/defrentecomanamaria.com.br\/wp\/wp-json\/wp\/v2\/posts\/15767","targetHints":{"allow":["GET"]}}],"collection":[{"href":"https:\/\/defrentecomanamaria.com.br\/wp\/wp-json\/wp\/v2\/posts"}],"about":[{"href":"https:\/\/defrentecomanamaria.com.br\/wp\/wp-json\/wp\/v2\/types\/post"}],"author":[{"embeddable":true,"href":"https:\/\/defrentecomanamaria.com.br\/wp\/wp-json\/wp\/v2\/users\/7"}],"replies":[{"embeddable":true,"href":"https:\/\/defrentecomanamaria.com.br\/wp\/wp-json\/wp\/v2\/comments?post=15767"}],"version-history":[{"count":1,"href":"https:\/\/defrentecomanamaria.com.br\/wp\/wp-json\/wp\/v2\/posts\/15767\/revisions"}],"predecessor-version":[{"id":15768,"href":"https:\/\/defrentecomanamaria.com.br\/wp\/wp-json\/wp\/v2\/posts\/15767\/revisions\/15768"}],"wp:attachment":[{"href":"https:\/\/defrentecomanamaria.com.br\/wp\/wp-json\/wp\/v2\/media?parent=15767"}],"wp:term":[{"taxonomy":"category","embeddable":true,"href":"https:\/\/defrentecomanamaria.com.br\/wp\/wp-json\/wp\/v2\/categories?post=15767"},{"taxonomy":"post_tag","embeddable":true,"href":"https:\/\/defrentecomanamaria.com.br\/wp\/wp-json\/wp\/v2\/tags?post=15767"}],"curies":[{"name":"wp","href":"https:\/\/api.w.org\/{rel}","templated":true}]}}