{"id":31478,"date":"2026-07-17T10:53:16","date_gmt":"2026-07-17T13:53:16","guid":{"rendered":"https:\/\/defrentecomanamaria.com.br\/wp\/?p=31478"},"modified":"2026-07-17T10:53:16","modified_gmt":"2026-07-17T13:53:16","slug":"tarifaco-de-trump-valendo-brasil-diz-que-adotara-principio-da-reciprocidade","status":"publish","type":"post","link":"https:\/\/defrentecomanamaria.com.br\/wp\/2026\/07\/17\/tarifaco-de-trump-valendo-brasil-diz-que-adotara-principio-da-reciprocidade\/","title":{"rendered":"Tarifa\u00e7o de Trump valendo: Brasil diz que adotar\u00e1 princ\u00edpio da reciprocidade"},"content":{"rendered":"<div class=\"featured-image  page-header-image-single \" style=\"text-align: justify;\"><img fetchpriority=\"high\" decoding=\"async\" class=\"attachment-full  aligncenter\" src=\"https:\/\/blogdojuniorcavalcanti.com.br\/wp-content\/uploads\/2026\/07\/111936242-us-president-donald-trump-from-left-jamieson-greer-us-trade-representative-and-stephen-mil.webp\" alt=\"\" width=\"551\" height=\"420\" \/><\/div>\n<div class=\"entry-content\">\n<div id=\"chunk-n56b\" style=\"text-align: justify;\">\n<div data-block-type=\"unstyled\" data-block-weight=\"40\" data-block-id=\"3\">\n<p data-track-category=\"Link no Texto\" data-track-links=\"\" data-mrf-recirculation=\"Mat\u00e9ria - Links no Texto\">A nova\u00a0tarifa adicional de 25% anunciada nesta quarta-feira (15) pelos Estados Unidos sobre produtos brasileiros\u00a0vai atingir uma parcela importante das exporta\u00e7\u00f5es do Brasil, mas preservar\u00e1 boa parte dos itens que mais geram receita nas vendas ao mercado americano.<\/p>\n<\/div>\n<\/div>\n<div>\n<div id=\"chunk-ao1t6\" style=\"text-align: justify;\">\n<div data-block-type=\"unstyled\" data-block-weight=\"34\" data-block-id=\"5\">\n<p data-track-category=\"Link no Texto\" data-track-links=\"\" data-mrf-recirculation=\"Mat\u00e9ria - Links no Texto\">Entre os 50 produtos brasileiros mais exportados para os EUA em 2025, produtos como\u00a0petr\u00f3leo bruto, caf\u00e9 em gr\u00e3o, aeronaves, carne bovina, celulose, sucos de laranja, ferro-gusa e ferro-ni\u00f3bio ficaram fora da nova cobran\u00e7a.<\/p>\n<\/div>\n<\/div>\n<div id=\"chunk-e37ej\">\n<div data-block-type=\"unstyled\" data-block-weight=\"30\" data-block-id=\"7\">\n<p style=\"text-align: justify;\" data-track-category=\"Link no Texto\" data-track-links=\"\" data-mrf-recirculation=\"Mat\u00e9ria - Links no Texto\">J\u00e1 produtos como\u00a0m\u00e1quinas industriais, pneus, a\u00e7\u00facar, etanol, tabaco, madeira, cal\u00e7ados e alguns produtos de alum\u00ednio passar\u00e3o a pagar uma tarifa adicional de 25% a partir de 22 de julho.<\/p>\n<div id=\"chunk-fct4f\" style=\"text-align: justify;\">\n<div data-block-type=\"unstyled\" data-block-weight=\"35\" data-block-id=\"9\">\n<p data-track-category=\"Link no Texto\" data-track-links=\"\" data-mrf-recirculation=\"Mat\u00e9ria - Links no Texto\">A medida foi tomada ap\u00f3s a conclus\u00e3o de uma\u00a0investiga\u00e7\u00e3o comercial conduzida pelo Escrit\u00f3rio do Representante de Com\u00e9rcio dos Estados Unidos (USTR, na sigla em ingl\u00eas), com base na Se\u00e7\u00e3o 301 da legisla\u00e7\u00e3o comercial americana.<\/p>\n<\/div>\n<\/div>\n<div id=\"chunk-aecj3\">\n<div data-block-type=\"unstyled\" data-block-weight=\"42\" data-block-id=\"10\">\n<p style=\"text-align: justify;\" data-track-category=\"Link no Texto\" data-track-links=\"\" data-mrf-recirculation=\"Mat\u00e9ria - Links no Texto\">Ao todo, milhares de produtos brasileiros foram inclu\u00eddos na nova cobran\u00e7a. Outros ficaram de fora porque o governo americano decidiu conceder exce\u00e7\u00f5es por motivos econ\u00f4micos, estrat\u00e9gicos ou porque j\u00e1 estavam sujeitos a outras tarifas.<\/p>\n<div id=\"chunk-26pjv\" style=\"text-align: justify;\">\n<div data-block-type=\"unstyled\" data-block-weight=\"30\" data-block-id=\"3\">\n<p data-track-category=\"Link no Texto\" data-track-links=\"\" data-mrf-recirculation=\"Mat\u00e9ria - Links no Texto\">O governo brasileiro disse nesta quinta-feira (16\/07) que pretende usar a Lei da Reciprocidade Econ\u00f4mica contra um novo tarifa\u00e7o que foi anunciado pelo governo dos Estados Unidos contra o Brasil.<\/p>\n<\/div>\n<\/div>\n<div>\n<div id=\"chunk-dnste\" style=\"text-align: justify;\">\n<div data-block-type=\"unstyled\" data-block-weight=\"32\" data-block-id=\"8\">\n<p data-track-category=\"Link no Texto\" data-track-links=\"\" data-mrf-recirculation=\"Mat\u00e9ria - Links no Texto\">Em nota, o governo brasileiro repudiou a decis\u00e3o anunciada e disse que iniciar\u00e1 os tr\u00e2mites para acionar a Lei de Reciprocidade aprovada pelo Congresso Nacional junto \u00e0 Organiza\u00e7\u00e3o Mundial do Com\u00e9rcio (OMC).<\/p>\n<\/div>\n<\/div>\n<div id=\"chunk-7un9j\" style=\"text-align: justify;\">\n<div data-block-type=\"unstyled\" data-block-weight=\"47\" data-block-id=\"9\">\n<p data-track-category=\"Link no Texto\" data-track-links=\"\" data-mrf-recirculation=\"Mat\u00e9ria - Links no Texto\">A Lei de Reciprocidade Econ\u00f4mica \u00e9 um instrumento novo aprovado pelo Congresso em abril de 2025 e sancionado pelo presidente Luiz In\u00e1cio Lula da Silva em julho do mesmo ano \u2014 na mesma semana em que Donald Trump havia anunciado tarifas de 50% sobre produtos brasileiros<a href=\"https:\/\/www.bbc.com\/portuguese\/articles\/c2ezv3zg33po?xtor=AL-73-%5Bpartner%5D-%5Bg1.globo.com%5D-%5Blink%5D-%5Bbrazil%5D-%5Bbizdev%5D-%5Bisapi%5D\" target=\"_blank\" rel=\"noopener\" data-mrf-link=\"https:\/\/www.bbc.com\/portuguese\/articles\/c2ezv3zg33po?xtor=AL-73-%5Bpartner%5D-%5Bg1.globo.com%5D-%5Blink%5D-%5Bbrazil%5D-%5Bbizdev%5D-%5Bisapi%5D\">.<\/a><\/p>\n<\/div>\n<\/div>\n<div id=\"chunk-bjih9\" style=\"text-align: justify;\">\n<div data-block-type=\"unstyled\" data-block-weight=\"21\" data-block-id=\"10\">\n<p data-track-category=\"Link no Texto\" data-track-links=\"\" data-mrf-recirculation=\"Mat\u00e9ria - Links no Texto\">O decreto estabelece em que casos e de que forma o governo brasileiro pode retaliar medidas como as impostas por Trump.<!--more--><\/p>\n<\/div>\n<\/div>\n<div id=\"chunk-9evvn\" style=\"text-align: justify;\">\n<div data-block-type=\"unstyled\" data-block-weight=\"39\" data-block-id=\"11\">\n<p data-track-category=\"Link no Texto\" data-track-links=\"\" data-mrf-recirculation=\"Mat\u00e9ria - Links no Texto\">O texto detalha os \u201ccrit\u00e9rios para suspens\u00e3o de concess\u00f5es comerciais, de investimentos e de obriga\u00e7\u00f5es relativas a direitos de propriedade intelectual em resposta a medidas unilaterais adotadas por pa\u00eds ou bloco econ\u00f4mico que impactem negativamente a competitividade internacional brasileira\u201d.<\/p>\n<\/div>\n<\/div>\n<div id=\"chunk-di2t5\" style=\"text-align: justify;\">\n<div data-block-type=\"unstyled\" data-block-weight=\"24\" data-block-id=\"12\">\n<p data-track-category=\"Link no Texto\" data-track-links=\"\" data-mrf-recirculation=\"Mat\u00e9ria - Links no Texto\">A elabora\u00e7\u00e3o do decreto que regulamenta a lei foi um dos primeiros passos tomados pelo governo brasileiro ap\u00f3s o an\u00fancio das tarifas de Trump.<\/p>\n<\/div>\n<\/div>\n<div id=\"chunk-ej3fi\" style=\"text-align: justify;\">\n<div data-block-type=\"unstyled\" data-block-weight=\"35\" data-block-id=\"13\">\n<p data-track-category=\"Link no Texto\" data-track-links=\"\" data-mrf-recirculation=\"Mat\u00e9ria - Links no Texto\">A Lei da Reciprocidade Econ\u00f4mica foi aprovada por ampla maioria no Congresso Nacional, num movimento inusitado das bancadas governistas e de oposi\u00e7\u00e3o que, nos \u00faltimos anos, t\u00eam votado cada vez mais raramente na mesma dire\u00e7\u00e3o.<\/p>\n<\/div>\n<\/div>\n<div id=\"chunk-bg74k\">\n<div data-block-type=\"unstyled\" data-block-weight=\"37\" data-block-id=\"14\">\n<p style=\"text-align: justify;\" data-track-category=\"Link no Texto\" data-track-links=\"\" data-mrf-recirculation=\"Mat\u00e9ria - Links no Texto\">Na ter\u00e7a-feira (14\/07), antes do an\u00fancio oficial das novas tarifas americanas, o ministro da Fazenda, Dario Durigan, afirmou que o governo brasileiro poderia adotar a reciprocidade caso os Estados Unidos confirmassem um novo tarifa\u00e7o contra o Brasil.<\/p>\n<p data-track-category=\"Link no Texto\" data-track-links=\"\" data-mrf-recirculation=\"Mat\u00e9ria - Links no Texto\"><span style=\"font-size: 10pt;\"><strong><em>Blog do Jr. Cavalcanti<\/em><\/strong><\/span><\/p>\n<\/div>\n<\/div>\n<\/div>\n<\/div>\n<\/div>\n<\/div>\n<\/div>\n<\/div>\n<\/div>\n","protected":false},"excerpt":{"rendered":"<p>A nova\u00a0tarifa adicional de 25% anunciada nesta quarta-feira (15) pelos Estados Unidos sobre produtos brasileiros\u00a0vai atingir uma parcela importante das exporta\u00e7\u00f5es do Brasil, mas preservar\u00e1 boa parte dos itens que mais geram receita nas vendas ao mercado americano. Entre os 50 produtos brasileiros mais exportados para os EUA em 2025, produtos como\u00a0petr\u00f3leo bruto, caf\u00e9 em &#8230; <a title=\"Tarifa\u00e7o de Trump valendo: Brasil diz que adotar\u00e1 princ\u00edpio da reciprocidade\" class=\"read-more\" href=\"https:\/\/defrentecomanamaria.com.br\/wp\/2026\/07\/17\/tarifaco-de-trump-valendo-brasil-diz-que-adotara-principio-da-reciprocidade\/\" aria-label=\"More on Tarifa\u00e7o de Trump valendo: Brasil diz que adotar\u00e1 princ\u00edpio da reciprocidade\">Leia mais<\/a><\/p>\n","protected":false},"author":7,"featured_media":0,"comment_status":"open","ping_status":"open","sticky":false,"template":"","format":"standard","meta":{"footnotes":""},"categories":[61],"tags":[],"class_list":["post-31478","post","type-post","status-publish","format-standard","hentry","category-mundo"],"yoast_head":"<!-- This site is optimized with the Yoast SEO plugin v27.3 - https:\/\/yoast.com\/product\/yoast-seo-wordpress\/ -->\n<title>Tarifa\u00e7o de Trump valendo: Brasil diz que adotar\u00e1 princ\u00edpio da reciprocidade - De Frente com Ana Maria<\/title>\n<meta name=\"robots\" content=\"index, follow, max-snippet:-1, max-image-preview:large, max-video-preview:-1\" \/>\n<link rel=\"canonical\" href=\"https:\/\/defrentecomanamaria.com.br\/wp\/2026\/07\/17\/tarifaco-de-trump-valendo-brasil-diz-que-adotara-principio-da-reciprocidade\/\" \/>\n<meta property=\"og:locale\" content=\"pt_BR\" \/>\n<meta property=\"og:type\" content=\"article\" \/>\n<meta property=\"og:title\" content=\"Tarifa\u00e7o de Trump valendo: Brasil diz que adotar\u00e1 princ\u00edpio da reciprocidade - De Frente com Ana Maria\" \/>\n<meta property=\"og:description\" content=\"A nova\u00a0tarifa adicional de 25% anunciada nesta quarta-feira (15) pelos Estados Unidos sobre produtos brasileiros\u00a0vai atingir uma parcela importante das exporta\u00e7\u00f5es do Brasil, mas preservar\u00e1 boa parte dos itens que mais geram receita nas vendas ao mercado americano. Entre os 50 produtos brasileiros mais exportados para os EUA em 2025, produtos como\u00a0petr\u00f3leo bruto, caf\u00e9 em ... Leia mais\" \/>\n<meta property=\"og:url\" content=\"https:\/\/defrentecomanamaria.com.br\/wp\/2026\/07\/17\/tarifaco-de-trump-valendo-brasil-diz-que-adotara-principio-da-reciprocidade\/\" \/>\n<meta property=\"og:site_name\" content=\"De Frente com Ana Maria\" \/>\n<meta property=\"article:published_time\" content=\"2026-07-17T13:53:16+00:00\" \/>\n<meta property=\"og:image\" content=\"https:\/\/blogdojuniorcavalcanti.com.br\/wp-content\/uploads\/2026\/07\/111936242-us-president-donald-trump-from-left-jamieson-greer-us-trade-representative-and-stephen-mil.webp\" \/>\n<meta name=\"author\" content=\"De frente com Ana Maria\" \/>\n<meta name=\"twitter:card\" content=\"summary_large_image\" \/>\n<meta name=\"twitter:label1\" content=\"Escrito por\" \/>\n\t<meta name=\"twitter:data1\" content=\"De frente com Ana Maria\" \/>\n\t<meta name=\"twitter:label2\" content=\"Est. tempo de leitura\" \/>\n\t<meta name=\"twitter:data2\" content=\"3 minutos\" \/>\n<script type=\"application\/ld+json\" class=\"yoast-schema-graph\">{\"@context\":\"https:\\\/\\\/schema.org\",\"@graph\":[{\"@type\":\"Article\",\"@id\":\"https:\\\/\\\/defrentecomanamaria.com.br\\\/wp\\\/2026\\\/07\\\/17\\\/tarifaco-de-trump-valendo-brasil-diz-que-adotara-principio-da-reciprocidade\\\/#article\",\"isPartOf\":{\"@id\":\"https:\\\/\\\/defrentecomanamaria.com.br\\\/wp\\\/2026\\\/07\\\/17\\\/tarifaco-de-trump-valendo-brasil-diz-que-adotara-principio-da-reciprocidade\\\/\"},\"author\":{\"name\":\"De frente com Ana Maria\",\"@id\":\"https:\\\/\\\/defrentecomanamaria.com.br\\\/wp\\\/#\\\/schema\\\/person\\\/99c268442c231bfaa36dfbe3399aee1a\"},\"headline\":\"Tarifa\u00e7o de Trump valendo: Brasil diz que adotar\u00e1 princ\u00edpio da reciprocidade\",\"datePublished\":\"2026-07-17T13:53:16+00:00\",\"mainEntityOfPage\":{\"@id\":\"https:\\\/\\\/defrentecomanamaria.com.br\\\/wp\\\/2026\\\/07\\\/17\\\/tarifaco-de-trump-valendo-brasil-diz-que-adotara-principio-da-reciprocidade\\\/\"},\"wordCount\":487,\"commentCount\":0,\"publisher\":{\"@id\":\"https:\\\/\\\/defrentecomanamaria.com.br\\\/wp\\\/#\\\/schema\\\/person\\\/2ceed77e817c80624560822b8eae8f25\"},\"image\":{\"@id\":\"https:\\\/\\\/defrentecomanamaria.com.br\\\/wp\\\/2026\\\/07\\\/17\\\/tarifaco-de-trump-valendo-brasil-diz-que-adotara-principio-da-reciprocidade\\\/#primaryimage\"},\"thumbnailUrl\":\"https:\\\/\\\/blogdojuniorcavalcanti.com.br\\\/wp-content\\\/uploads\\\/2026\\\/07\\\/111936242-us-president-donald-trump-from-left-jamieson-greer-us-trade-representative-and-stephen-mil.webp\",\"articleSection\":[\"mundo\"],\"inLanguage\":\"pt-BR\",\"potentialAction\":[{\"@type\":\"CommentAction\",\"name\":\"Comment\",\"target\":[\"https:\\\/\\\/defrentecomanamaria.com.br\\\/wp\\\/2026\\\/07\\\/17\\\/tarifaco-de-trump-valendo-brasil-diz-que-adotara-principio-da-reciprocidade\\\/#respond\"]}]},{\"@type\":\"WebPage\",\"@id\":\"https:\\\/\\\/defrentecomanamaria.com.br\\\/wp\\\/2026\\\/07\\\/17\\\/tarifaco-de-trump-valendo-brasil-diz-que-adotara-principio-da-reciprocidade\\\/\",\"url\":\"https:\\\/\\\/defrentecomanamaria.com.br\\\/wp\\\/2026\\\/07\\\/17\\\/tarifaco-de-trump-valendo-brasil-diz-que-adotara-principio-da-reciprocidade\\\/\",\"name\":\"Tarifa\u00e7o de Trump valendo: Brasil diz que adotar\u00e1 princ\u00edpio da reciprocidade - De Frente com Ana Maria\",\"isPartOf\":{\"@id\":\"https:\\\/\\\/defrentecomanamaria.com.br\\\/wp\\\/#website\"},\"primaryImageOfPage\":{\"@id\":\"https:\\\/\\\/defrentecomanamaria.com.br\\\/wp\\\/2026\\\/07\\\/17\\\/tarifaco-de-trump-valendo-brasil-diz-que-adotara-principio-da-reciprocidade\\\/#primaryimage\"},\"image\":{\"@id\":\"https:\\\/\\\/defrentecomanamaria.com.br\\\/wp\\\/2026\\\/07\\\/17\\\/tarifaco-de-trump-valendo-brasil-diz-que-adotara-principio-da-reciprocidade\\\/#primaryimage\"},\"thumbnailUrl\":\"https:\\\/\\\/blogdojuniorcavalcanti.com.br\\\/wp-content\\\/uploads\\\/2026\\\/07\\\/111936242-us-president-donald-trump-from-left-jamieson-greer-us-trade-representative-and-stephen-mil.webp\",\"datePublished\":\"2026-07-17T13:53:16+00:00\",\"breadcrumb\":{\"@id\":\"https:\\\/\\\/defrentecomanamaria.com.br\\\/wp\\\/2026\\\/07\\\/17\\\/tarifaco-de-trump-valendo-brasil-diz-que-adotara-principio-da-reciprocidade\\\/#breadcrumb\"},\"inLanguage\":\"pt-BR\",\"potentialAction\":[{\"@type\":\"ReadAction\",\"target\":[\"https:\\\/\\\/defrentecomanamaria.com.br\\\/wp\\\/2026\\\/07\\\/17\\\/tarifaco-de-trump-valendo-brasil-diz-que-adotara-principio-da-reciprocidade\\\/\"]}]},{\"@type\":\"ImageObject\",\"inLanguage\":\"pt-BR\",\"@id\":\"https:\\\/\\\/defrentecomanamaria.com.br\\\/wp\\\/2026\\\/07\\\/17\\\/tarifaco-de-trump-valendo-brasil-diz-que-adotara-principio-da-reciprocidade\\\/#primaryimage\",\"url\":\"https:\\\/\\\/blogdojuniorcavalcanti.com.br\\\/wp-content\\\/uploads\\\/2026\\\/07\\\/111936242-us-president-donald-trump-from-left-jamieson-greer-us-trade-representative-and-stephen-mil.webp\",\"contentUrl\":\"https:\\\/\\\/blogdojuniorcavalcanti.com.br\\\/wp-content\\\/uploads\\\/2026\\\/07\\\/111936242-us-president-donald-trump-from-left-jamieson-greer-us-trade-representative-and-stephen-mil.webp\"},{\"@type\":\"BreadcrumbList\",\"@id\":\"https:\\\/\\\/defrentecomanamaria.com.br\\\/wp\\\/2026\\\/07\\\/17\\\/tarifaco-de-trump-valendo-brasil-diz-que-adotara-principio-da-reciprocidade\\\/#breadcrumb\",\"itemListElement\":[{\"@type\":\"ListItem\",\"position\":1,\"name\":\"In\u00edcio\",\"item\":\"https:\\\/\\\/defrentecomanamaria.com.br\\\/wp\\\/\"},{\"@type\":\"ListItem\",\"position\":2,\"name\":\"Tarifa\u00e7o de Trump valendo: Brasil diz que adotar\u00e1 princ\u00edpio da reciprocidade\"}]},{\"@type\":\"WebSite\",\"@id\":\"https:\\\/\\\/defrentecomanamaria.com.br\\\/wp\\\/#website\",\"url\":\"https:\\\/\\\/defrentecomanamaria.com.br\\\/wp\\\/\",\"name\":\"De Frente com Ana Maria\",\"description\":\"A informa\u00e7\u00e3o mais perto de voc\u00ea.\",\"publisher\":{\"@id\":\"https:\\\/\\\/defrentecomanamaria.com.br\\\/wp\\\/#\\\/schema\\\/person\\\/2ceed77e817c80624560822b8eae8f25\"},\"potentialAction\":[{\"@type\":\"SearchAction\",\"target\":{\"@type\":\"EntryPoint\",\"urlTemplate\":\"https:\\\/\\\/defrentecomanamaria.com.br\\\/wp\\\/?s={search_term_string}\"},\"query-input\":{\"@type\":\"PropertyValueSpecification\",\"valueRequired\":true,\"valueName\":\"search_term_string\"}}],\"inLanguage\":\"pt-BR\"},{\"@type\":[\"Person\",\"Organization\"],\"@id\":\"https:\\\/\\\/defrentecomanamaria.com.br\\\/wp\\\/#\\\/schema\\\/person\\\/2ceed77e817c80624560822b8eae8f25\",\"name\":\"Ana Maria\",\"image\":{\"@type\":\"ImageObject\",\"inLanguage\":\"pt-BR\",\"@id\":\"https:\\\/\\\/defrentecomanamaria.com.br\\\/wp\\\/wp-content\\\/uploads\\\/2023\\\/11\\\/Ana-Maria-Santos-1080x641-1.png\",\"url\":\"https:\\\/\\\/defrentecomanamaria.com.br\\\/wp\\\/wp-content\\\/uploads\\\/2023\\\/11\\\/Ana-Maria-Santos-1080x641-1.png\",\"contentUrl\":\"https:\\\/\\\/defrentecomanamaria.com.br\\\/wp\\\/wp-content\\\/uploads\\\/2023\\\/11\\\/Ana-Maria-Santos-1080x641-1.png\",\"width\":1080,\"height\":641,\"caption\":\"Ana Maria\"},\"logo\":{\"@id\":\"https:\\\/\\\/defrentecomanamaria.com.br\\\/wp\\\/wp-content\\\/uploads\\\/2023\\\/11\\\/Ana-Maria-Santos-1080x641-1.png\"},\"sameAs\":[\"https:\\\/\\\/defrentecomanamaria.com.br\\\/wp\\\/\"]},{\"@type\":\"Person\",\"@id\":\"https:\\\/\\\/defrentecomanamaria.com.br\\\/wp\\\/#\\\/schema\\\/person\\\/99c268442c231bfaa36dfbe3399aee1a\",\"name\":\"De frente com Ana Maria\",\"image\":{\"@type\":\"ImageObject\",\"inLanguage\":\"pt-BR\",\"@id\":\"https:\\\/\\\/secure.gravatar.com\\\/avatar\\\/247c813f906f437fc14d9a9eea9198855911a6b05d1abd1be4c95e987716a339?s=96&d=mm&r=g\",\"url\":\"https:\\\/\\\/secure.gravatar.com\\\/avatar\\\/247c813f906f437fc14d9a9eea9198855911a6b05d1abd1be4c95e987716a339?s=96&d=mm&r=g\",\"contentUrl\":\"https:\\\/\\\/secure.gravatar.com\\\/avatar\\\/247c813f906f437fc14d9a9eea9198855911a6b05d1abd1be4c95e987716a339?s=96&d=mm&r=g\",\"caption\":\"De frente com Ana Maria\"},\"url\":\"https:\\\/\\\/defrentecomanamaria.com.br\\\/wp\\\/author\\\/admin\\\/\"}]}<\/script>\n<!-- \/ Yoast SEO plugin. -->","yoast_head_json":{"title":"Tarifa\u00e7o de Trump valendo: Brasil diz que adotar\u00e1 princ\u00edpio da reciprocidade - De Frente com Ana Maria","robots":{"index":"index","follow":"follow","max-snippet":"max-snippet:-1","max-image-preview":"max-image-preview:large","max-video-preview":"max-video-preview:-1"},"canonical":"https:\/\/defrentecomanamaria.com.br\/wp\/2026\/07\/17\/tarifaco-de-trump-valendo-brasil-diz-que-adotara-principio-da-reciprocidade\/","og_locale":"pt_BR","og_type":"article","og_title":"Tarifa\u00e7o de Trump valendo: Brasil diz que adotar\u00e1 princ\u00edpio da reciprocidade - De Frente com Ana Maria","og_description":"A nova\u00a0tarifa adicional de 25% anunciada nesta quarta-feira (15) pelos Estados Unidos sobre produtos brasileiros\u00a0vai atingir uma parcela importante das exporta\u00e7\u00f5es do Brasil, mas preservar\u00e1 boa parte dos itens que mais geram receita nas vendas ao mercado americano. Entre os 50 produtos brasileiros mais exportados para os EUA em 2025, produtos como\u00a0petr\u00f3leo bruto, caf\u00e9 em ... Leia mais","og_url":"https:\/\/defrentecomanamaria.com.br\/wp\/2026\/07\/17\/tarifaco-de-trump-valendo-brasil-diz-que-adotara-principio-da-reciprocidade\/","og_site_name":"De Frente com Ana Maria","article_published_time":"2026-07-17T13:53:16+00:00","og_image":[{"url":"https:\/\/blogdojuniorcavalcanti.com.br\/wp-content\/uploads\/2026\/07\/111936242-us-president-donald-trump-from-left-jamieson-greer-us-trade-representative-and-stephen-mil.webp","type":"","width":"","height":""}],"author":"De frente com Ana Maria","twitter_card":"summary_large_image","twitter_misc":{"Escrito por":"De frente com Ana Maria","Est. tempo de leitura":"3 minutos"},"schema":{"@context":"https:\/\/schema.org","@graph":[{"@type":"Article","@id":"https:\/\/defrentecomanamaria.com.br\/wp\/2026\/07\/17\/tarifaco-de-trump-valendo-brasil-diz-que-adotara-principio-da-reciprocidade\/#article","isPartOf":{"@id":"https:\/\/defrentecomanamaria.com.br\/wp\/2026\/07\/17\/tarifaco-de-trump-valendo-brasil-diz-que-adotara-principio-da-reciprocidade\/"},"author":{"name":"De frente com Ana Maria","@id":"https:\/\/defrentecomanamaria.com.br\/wp\/#\/schema\/person\/99c268442c231bfaa36dfbe3399aee1a"},"headline":"Tarifa\u00e7o de Trump valendo: Brasil diz que adotar\u00e1 princ\u00edpio da reciprocidade","datePublished":"2026-07-17T13:53:16+00:00","mainEntityOfPage":{"@id":"https:\/\/defrentecomanamaria.com.br\/wp\/2026\/07\/17\/tarifaco-de-trump-valendo-brasil-diz-que-adotara-principio-da-reciprocidade\/"},"wordCount":487,"commentCount":0,"publisher":{"@id":"https:\/\/defrentecomanamaria.com.br\/wp\/#\/schema\/person\/2ceed77e817c80624560822b8eae8f25"},"image":{"@id":"https:\/\/defrentecomanamaria.com.br\/wp\/2026\/07\/17\/tarifaco-de-trump-valendo-brasil-diz-que-adotara-principio-da-reciprocidade\/#primaryimage"},"thumbnailUrl":"https:\/\/blogdojuniorcavalcanti.com.br\/wp-content\/uploads\/2026\/07\/111936242-us-president-donald-trump-from-left-jamieson-greer-us-trade-representative-and-stephen-mil.webp","articleSection":["mundo"],"inLanguage":"pt-BR","potentialAction":[{"@type":"CommentAction","name":"Comment","target":["https:\/\/defrentecomanamaria.com.br\/wp\/2026\/07\/17\/tarifaco-de-trump-valendo-brasil-diz-que-adotara-principio-da-reciprocidade\/#respond"]}]},{"@type":"WebPage","@id":"https:\/\/defrentecomanamaria.com.br\/wp\/2026\/07\/17\/tarifaco-de-trump-valendo-brasil-diz-que-adotara-principio-da-reciprocidade\/","url":"https:\/\/defrentecomanamaria.com.br\/wp\/2026\/07\/17\/tarifaco-de-trump-valendo-brasil-diz-que-adotara-principio-da-reciprocidade\/","name":"Tarifa\u00e7o de Trump valendo: Brasil diz que adotar\u00e1 princ\u00edpio da reciprocidade - De Frente com Ana Maria","isPartOf":{"@id":"https:\/\/defrentecomanamaria.com.br\/wp\/#website"},"primaryImageOfPage":{"@id":"https:\/\/defrentecomanamaria.com.br\/wp\/2026\/07\/17\/tarifaco-de-trump-valendo-brasil-diz-que-adotara-principio-da-reciprocidade\/#primaryimage"},"image":{"@id":"https:\/\/defrentecomanamaria.com.br\/wp\/2026\/07\/17\/tarifaco-de-trump-valendo-brasil-diz-que-adotara-principio-da-reciprocidade\/#primaryimage"},"thumbnailUrl":"https:\/\/blogdojuniorcavalcanti.com.br\/wp-content\/uploads\/2026\/07\/111936242-us-president-donald-trump-from-left-jamieson-greer-us-trade-representative-and-stephen-mil.webp","datePublished":"2026-07-17T13:53:16+00:00","breadcrumb":{"@id":"https:\/\/defrentecomanamaria.com.br\/wp\/2026\/07\/17\/tarifaco-de-trump-valendo-brasil-diz-que-adotara-principio-da-reciprocidade\/#breadcrumb"},"inLanguage":"pt-BR","potentialAction":[{"@type":"ReadAction","target":["https:\/\/defrentecomanamaria.com.br\/wp\/2026\/07\/17\/tarifaco-de-trump-valendo-brasil-diz-que-adotara-principio-da-reciprocidade\/"]}]},{"@type":"ImageObject","inLanguage":"pt-BR","@id":"https:\/\/defrentecomanamaria.com.br\/wp\/2026\/07\/17\/tarifaco-de-trump-valendo-brasil-diz-que-adotara-principio-da-reciprocidade\/#primaryimage","url":"https:\/\/blogdojuniorcavalcanti.com.br\/wp-content\/uploads\/2026\/07\/111936242-us-president-donald-trump-from-left-jamieson-greer-us-trade-representative-and-stephen-mil.webp","contentUrl":"https:\/\/blogdojuniorcavalcanti.com.br\/wp-content\/uploads\/2026\/07\/111936242-us-president-donald-trump-from-left-jamieson-greer-us-trade-representative-and-stephen-mil.webp"},{"@type":"BreadcrumbList","@id":"https:\/\/defrentecomanamaria.com.br\/wp\/2026\/07\/17\/tarifaco-de-trump-valendo-brasil-diz-que-adotara-principio-da-reciprocidade\/#breadcrumb","itemListElement":[{"@type":"ListItem","position":1,"name":"In\u00edcio","item":"https:\/\/defrentecomanamaria.com.br\/wp\/"},{"@type":"ListItem","position":2,"name":"Tarifa\u00e7o de Trump valendo: Brasil diz que adotar\u00e1 princ\u00edpio da reciprocidade"}]},{"@type":"WebSite","@id":"https:\/\/defrentecomanamaria.com.br\/wp\/#website","url":"https:\/\/defrentecomanamaria.com.br\/wp\/","name":"De Frente com Ana Maria","description":"A informa\u00e7\u00e3o mais perto de voc\u00ea.","publisher":{"@id":"https:\/\/defrentecomanamaria.com.br\/wp\/#\/schema\/person\/2ceed77e817c80624560822b8eae8f25"},"potentialAction":[{"@type":"SearchAction","target":{"@type":"EntryPoint","urlTemplate":"https:\/\/defrentecomanamaria.com.br\/wp\/?s={search_term_string}"},"query-input":{"@type":"PropertyValueSpecification","valueRequired":true,"valueName":"search_term_string"}}],"inLanguage":"pt-BR"},{"@type":["Person","Organization"],"@id":"https:\/\/defrentecomanamaria.com.br\/wp\/#\/schema\/person\/2ceed77e817c80624560822b8eae8f25","name":"Ana Maria","image":{"@type":"ImageObject","inLanguage":"pt-BR","@id":"https:\/\/defrentecomanamaria.com.br\/wp\/wp-content\/uploads\/2023\/11\/Ana-Maria-Santos-1080x641-1.png","url":"https:\/\/defrentecomanamaria.com.br\/wp\/wp-content\/uploads\/2023\/11\/Ana-Maria-Santos-1080x641-1.png","contentUrl":"https:\/\/defrentecomanamaria.com.br\/wp\/wp-content\/uploads\/2023\/11\/Ana-Maria-Santos-1080x641-1.png","width":1080,"height":641,"caption":"Ana Maria"},"logo":{"@id":"https:\/\/defrentecomanamaria.com.br\/wp\/wp-content\/uploads\/2023\/11\/Ana-Maria-Santos-1080x641-1.png"},"sameAs":["https:\/\/defrentecomanamaria.com.br\/wp\/"]},{"@type":"Person","@id":"https:\/\/defrentecomanamaria.com.br\/wp\/#\/schema\/person\/99c268442c231bfaa36dfbe3399aee1a","name":"De frente com Ana Maria","image":{"@type":"ImageObject","inLanguage":"pt-BR","@id":"https:\/\/secure.gravatar.com\/avatar\/247c813f906f437fc14d9a9eea9198855911a6b05d1abd1be4c95e987716a339?s=96&d=mm&r=g","url":"https:\/\/secure.gravatar.com\/avatar\/247c813f906f437fc14d9a9eea9198855911a6b05d1abd1be4c95e987716a339?s=96&d=mm&r=g","contentUrl":"https:\/\/secure.gravatar.com\/avatar\/247c813f906f437fc14d9a9eea9198855911a6b05d1abd1be4c95e987716a339?s=96&d=mm&r=g","caption":"De frente com Ana Maria"},"url":"https:\/\/defrentecomanamaria.com.br\/wp\/author\/admin\/"}]}},"_links":{"self":[{"href":"https:\/\/defrentecomanamaria.com.br\/wp\/wp-json\/wp\/v2\/posts\/31478","targetHints":{"allow":["GET"]}}],"collection":[{"href":"https:\/\/defrentecomanamaria.com.br\/wp\/wp-json\/wp\/v2\/posts"}],"about":[{"href":"https:\/\/defrentecomanamaria.com.br\/wp\/wp-json\/wp\/v2\/types\/post"}],"author":[{"embeddable":true,"href":"https:\/\/defrentecomanamaria.com.br\/wp\/wp-json\/wp\/v2\/users\/7"}],"replies":[{"embeddable":true,"href":"https:\/\/defrentecomanamaria.com.br\/wp\/wp-json\/wp\/v2\/comments?post=31478"}],"version-history":[{"count":1,"href":"https:\/\/defrentecomanamaria.com.br\/wp\/wp-json\/wp\/v2\/posts\/31478\/revisions"}],"predecessor-version":[{"id":31479,"href":"https:\/\/defrentecomanamaria.com.br\/wp\/wp-json\/wp\/v2\/posts\/31478\/revisions\/31479"}],"wp:attachment":[{"href":"https:\/\/defrentecomanamaria.com.br\/wp\/wp-json\/wp\/v2\/media?parent=31478"}],"wp:term":[{"taxonomy":"category","embeddable":true,"href":"https:\/\/defrentecomanamaria.com.br\/wp\/wp-json\/wp\/v2\/categories?post=31478"},{"taxonomy":"post_tag","embeddable":true,"href":"https:\/\/defrentecomanamaria.com.br\/wp\/wp-json\/wp\/v2\/tags?post=31478"}],"curies":[{"name":"wp","href":"https:\/\/api.w.org\/{rel}","templated":true}]}}