{"id":31996,"date":"2026-08-27T08:00:01","date_gmt":"2026-08-27T11:00:01","guid":{"rendered":"https:\/\/defrentecomanamaria.com.br\/wp\/?p=31996"},"modified":"2026-08-27T08:31:27","modified_gmt":"2026-08-27T11:31:27","slug":"meta-admite-que-redes-fazem-mal-as-criancas-saiba-o-que-fazer-para-proteger-seu-filho","status":"publish","type":"post","link":"https:\/\/defrentecomanamaria.com.br\/wp\/2026\/08\/27\/meta-admite-que-redes-fazem-mal-as-criancas-saiba-o-que-fazer-para-proteger-seu-filho\/","title":{"rendered":"Meta admite que redes fazem mal \u00e0s crian\u00e7as; saiba o que fazer para proteger seu filho"},"content":{"rendered":"<figure style=\"width: 596px\" class=\"wp-caption aligncenter\"><img fetchpriority=\"high\" decoding=\"async\" class=\"image w-full h-auto type:primaryImage\" title=\"Especialistas indicam que \u00e9 fundamental os pais utilizarem controles parentais nos dispositivos, e ficar alertas a sinais de mudan\u00e7as nos filhos (Marcello Casal\/Ag\u00eancia Brasil)\" src=\"https:\/\/www.diariodepernambuco.com.br\/_midias\/jpg\/2026\/08\/26\/1200x800\/1_meta_instagram-945682.jpg\" alt=\"Especialistas indicam que \u00e9 fundamental os pais utilizarem controles parentais nos dispositivos, e ficar alertas a sinais de mudan\u00e7as nos filhos\/Marcello Casal\/Ag\u00eancia Brasil\" width=\"606\" height=\"404\" data-src=\"https:\/\/www.diariodepernambuco.com.br\/_midias\/jpg\/2026\/08\/26\/1200x800\/1_meta_instagram-945682.jpg\" \/><figcaption class=\"wp-caption-text\">Especialistas indicam que \u00e9 fundamental os pais utilizarem controles parentais nos dispositivos, e ficar alertas a sinais de mudan\u00e7as nos filhos (Marcello Casal\/Ag\u00eancia Brasil)<\/figcaption><\/figure>\n<p style=\"text-align: justify;\"><strong><em>Companhia aceitou pagar um total de US$ 16,7 bilh\u00f5es em indeniza\u00e7\u00f5es e prometeu uma s\u00e9rie de mudan\u00e7as no uso das duas plataformas por menores de idade<\/em> <\/strong><\/p>\n<p class=\"texto\" style=\"text-align: justify;\">A Meta chegou a um acordo nesta quarta-feira (26) para encerrar um julgamento em andamento nos Estados Unidos no qual a dona do Facebook e do Instagram era acusada de preju\u00edzos contra a sa\u00fade mental, a autoestima e o bem-estar de crian\u00e7as e adolescentes. A companhia aceitou pagar um total de US$ 16,7 bilh\u00f5es (aproximadamente R$ 86 bilh\u00f5es) e prometeu uma s\u00e9rie de mudan\u00e7as no uso das duas plataformas por menores de idade.<\/p>\n<p class=\"texto\" style=\"text-align: justify;\">Como o Estad\u00e3o mostrou, o impacto das novas tecnologias e das <a href=\"https:\/\/www.diariodepernambuco.com.br\/mundo\/2026\/08\/11722271-nos-eua-meta-fecha-acordo-de-uss-18-bilhoes-com-48-estados-e-adota-limite-de-tempo-para-menores.html\"><strong>redes sociais<\/strong><\/a> na vida das crian\u00e7as e dos adolescentes \u00e9 um grande desafio para pais e escolas. Especialistas apontam que o uso descontrolado pode gerar uma s\u00e9rie de danos ao desenvolvimento do c\u00e9rebro, que nessa fase ainda n\u00e3o se formou por completo.<\/p>\n<p class=\"texto\" style=\"text-align: justify;\">Al\u00e9m disso, os menores ficam expostos aos riscos presentes no mundo virtual, como conte\u00fados inapropriados para a idade &#8211; pornografia e viol\u00eancia -, propagandas que podem incentivar v\u00edcios em jogos de azar e <a href=\"https:\/\/www.diariodepernambuco.com.br\/brasil\/2026\/08\/11722089-discord-recorre-da-suspensao-de-lives-determinada-pela-anpd.html\"><strong>comunidades extremistas<\/strong><\/a> que geram s\u00e9rios problemas de socializa\u00e7\u00e3o.<\/p>\n<p class=\"texto\" style=\"text-align: justify;\">A exposi\u00e7\u00e3o intensa nas redes sociais pode ainda aumentar o risco de ansiedade, distor\u00e7\u00f5es de imagem e at\u00e9 sintomas depressivos, al\u00e9m de gerar impactos emocionais profundos, especialmente numa fase em que a identidade ainda est\u00e1 sendo constru\u00edda.<\/p>\n<p class=\"texto\" style=\"text-align: justify;\">Assim, os especialistas indicam que \u00e9 fundamental os pais protegerem, com controles parentais nos dispositivos, aten\u00e7\u00e3o a sinais de mudan\u00e7as nos filhos e checagem dos celulares, deixando claro que a ideia n\u00e3o \u00e9 vigiar, mas cuidar.<\/p>\n<p class=\"texto\" style=\"text-align: justify;\">O psic\u00f3logo americano <a href=\"https:\/\/www.jonathanhaidt.com\/\"><strong>Jonathan Haidt<\/strong><\/a>, autor do best-seller A Gera\u00e7\u00e3o Ansiosa: Como a Inf\u00e2ncia Hiperconectada est\u00e1 causando uma epidemia de transtornos mentais, por exemplo, recomenda quatro dicas iniciais aos pais:<\/p>\n<p class=\"texto\" style=\"text-align: justify;\">&#8211; Nada de smartphone antes do 9.\u00ba ano (por volta dos 14 anos): adiar o contato com aparelhos que deem amplo acesso \u00e0 internet (se eles forem realmente necess\u00e1rios, os respons\u00e1veis devem fornecer equipamentos mais b\u00e1sicos);<\/p>\n<p class=\"texto\" style=\"text-align: justify;\">&#8211; Nada de redes sociais antes dos 16 anos.<\/p>\n<p class=\"texto\" style=\"text-align: justify;\">&#8211; Nada de celular na escola.<\/p>\n<p class=\"texto\" style=\"text-align: justify;\">&#8211; Muito mais brincar n\u00e3o supervisionado e independ\u00eancia na inf\u00e2ncia.<!--more--><\/p>\n<p class=\"texto\" style=\"text-align: justify;\">A principal recomenda\u00e7\u00e3o para os pais, no entanto, continua sendo manter um di\u00e1logo aberto, sem julgamentos ou serm\u00f5es, mostrando interesse genu\u00edno pelo que os filhos veem, seguem e compartilham. Al\u00e9m disso, dar o exemplo \u00e9 fundamental: quando os adultos equilibram o pr\u00f3prio uso de telas, ajudam os filhos a entender, na pr\u00e1tica, que o mundo offline tamb\u00e9m precisa de aten\u00e7\u00e3o.<\/p>\n<p class=\"texto\" style=\"text-align: justify;\"><strong>As ideias de especialistas incluem ainda:<\/strong><\/p>\n<p class=\"texto\" style=\"text-align: justify;\">&#8211; N\u00e3o usar aparelhos durante as refei\u00e7\u00f5es, para que todos possam olhar uns para os outros.<\/p>\n<p class=\"texto\" style=\"text-align: justify;\">&#8211; Quando estiverem juntos, pe\u00e7a a todos que coloquem seus telefones em uma pilha no meio da mesa, com alguma consequ\u00eancia boba para a pessoa que olhar primeiro.<\/p>\n<p class=\"texto\" style=\"text-align: justify;\">&#8211; Nada de aparelhos no carro, para que voc\u00eas possam conversar.<\/p>\n<p class=\"texto\" style=\"text-align: justify;\">&#8211; Nenhum aparelho dentro do quarto ou perto da cama \u00e0 noite, para que seja mais f\u00e1cil dormir. Em vez disso, carregue-os em um espa\u00e7o comum da casa.<\/p>\n<p class=\"texto\" style=\"text-align: justify;\">&#8211; Configure o roteador Wi-Fi da casa para desligar o acesso a dados em um hor\u00e1rio combinado todas as noites.<\/p>\n<p class=\"texto\" style=\"text-align: justify;\">&#8211; Experimentem ouvir um audiolivro ou podcast juntos.<\/p>\n<p class=\"texto\" style=\"text-align: justify;\">&#8211; Escolham um destino de f\u00e9rias que seja divertido para todos, mas combinem com anteced\u00eancia que n\u00e3o levar\u00e3o seus telefones com voc\u00eas &#8211; ou simplesmente escolham um lugar que tenha pouco ou nenhum servi\u00e7o de celular e Wi-Fi.<\/p>\n<p class=\"texto\" style=\"text-align: justify;\">Alguns comportamentos das crian\u00e7as e dos adolescentes podem indicar aos pais que algo n\u00e3o vai bem:<\/p>\n<p class=\"texto\" style=\"text-align: justify;\">&#8211; Queda de rendimento escolar.<\/p>\n<p class=\"texto\" style=\"text-align: justify;\">&#8211; Isolamento\/distanciamento social<\/p>\n<p class=\"texto\" style=\"text-align: justify;\">&#8211; Queda no interesse em atividades que antes gostava muito.<\/p>\n<p class=\"texto\" style=\"text-align: justify;\">&#8211; Dificuldade de interromper o uso.<\/p>\n<p class=\"texto\" style=\"text-align: justify;\">A maioria dos sites de rede social e de jogos vem com configura\u00e7\u00f5es de seguran\u00e7a e privacidade. E, embora elas n\u00e3o resolvam problemas sist\u00eamicos de abuso e de amplifica\u00e7\u00e3o de informa\u00e7\u00f5es prejudiciais pela rede social, vale a pena fazer uma verifica\u00e7\u00e3o regular. Sempre que poss\u00edvel:<\/p>\n<p class=\"texto\" style=\"text-align: justify;\">&#8211; Desative a possibilidade de pessoas de fora do c\u00edrculo de amigos de seu filho adolescente enviarem mensagens diretas, mencionarem ou marcarem o adolescente.<\/p>\n<p class=\"texto\" style=\"text-align: justify;\">&#8211; Torne os perfis privados para que seu filho tenha que aceitar novos amigos antes de se envolver.<\/p>\n<p class=\"texto\" style=\"text-align: justify;\">&#8211; No TikTok e no Instagram, desative a op\u00e7\u00e3o \u201cstitch\u201d ou \u201cremix\u201d para que estranhos n\u00e3o possam impulsionar seus v\u00eddeos para novos p\u00fablicos.<\/p>\n<p style=\"text-align: justify;\"><a class=\"hover:underline\" title=\"Mais de Estad\u00e3o Conte\u00fado\" href=\"https:\/\/www.diariodepernambuco.com.br\/autor\/estadao-conteudo\/\">Estad\u00e3o Conte\u00fado<\/a><\/p>\n","protected":false},"excerpt":{"rendered":"<p>Companhia aceitou pagar um total de US$ 16,7 bilh\u00f5es em indeniza\u00e7\u00f5es e prometeu uma s\u00e9rie de mudan\u00e7as no uso das duas plataformas por menores de idade A Meta chegou a um acordo nesta quarta-feira (26) para encerrar um julgamento em andamento nos Estados Unidos no qual a dona do Facebook e do Instagram era acusada &#8230; <a title=\"Meta admite que redes fazem mal \u00e0s crian\u00e7as; saiba o que fazer para proteger seu filho\" class=\"read-more\" href=\"https:\/\/defrentecomanamaria.com.br\/wp\/2026\/08\/27\/meta-admite-que-redes-fazem-mal-as-criancas-saiba-o-que-fazer-para-proteger-seu-filho\/\" aria-label=\"More on Meta admite que redes fazem mal \u00e0s crian\u00e7as; saiba o que fazer para proteger seu filho\">Leia mais<\/a><\/p>\n","protected":false},"author":7,"featured_media":0,"comment_status":"open","ping_status":"open","sticky":false,"template":"","format":"standard","meta":{"footnotes":""},"categories":[61],"tags":[],"class_list":["post-31996","post","type-post","status-publish","format-standard","hentry","category-mundo"],"yoast_head":"<!-- This site is optimized with the Yoast SEO plugin v27.3 - https:\/\/yoast.com\/product\/yoast-seo-wordpress\/ -->\n<title>Meta admite que redes fazem mal \u00e0s crian\u00e7as; saiba o que fazer para proteger seu filho - De Frente com Ana Maria<\/title>\n<meta name=\"robots\" content=\"index, follow, max-snippet:-1, max-image-preview:large, max-video-preview:-1\" \/>\n<link rel=\"canonical\" href=\"https:\/\/defrentecomanamaria.com.br\/wp\/2026\/08\/27\/meta-admite-que-redes-fazem-mal-as-criancas-saiba-o-que-fazer-para-proteger-seu-filho\/\" \/>\n<meta property=\"og:locale\" content=\"pt_BR\" \/>\n<meta property=\"og:type\" content=\"article\" \/>\n<meta property=\"og:title\" content=\"Meta admite que redes fazem mal \u00e0s crian\u00e7as; saiba o que fazer para proteger seu filho - De Frente com Ana Maria\" \/>\n<meta property=\"og:description\" content=\"Companhia aceitou pagar um total de US$ 16,7 bilh\u00f5es em indeniza\u00e7\u00f5es e prometeu uma s\u00e9rie de mudan\u00e7as no uso das duas plataformas por menores de idade A Meta chegou a um acordo nesta quarta-feira (26) para encerrar um julgamento em andamento nos Estados Unidos no qual a dona do Facebook e do Instagram era acusada ... Leia mais\" \/>\n<meta property=\"og:url\" content=\"https:\/\/defrentecomanamaria.com.br\/wp\/2026\/08\/27\/meta-admite-que-redes-fazem-mal-as-criancas-saiba-o-que-fazer-para-proteger-seu-filho\/\" \/>\n<meta property=\"og:site_name\" content=\"De Frente com Ana Maria\" \/>\n<meta property=\"article:published_time\" content=\"2026-08-27T11:00:01+00:00\" \/>\n<meta property=\"article:modified_time\" content=\"2026-08-27T11:31:27+00:00\" \/>\n<meta property=\"og:image\" content=\"https:\/\/www.diariodepernambuco.com.br\/_midias\/jpg\/2026\/08\/26\/1200x800\/1_meta_instagram-945682.jpg\" \/>\n<meta name=\"author\" content=\"De frente com Ana Maria\" \/>\n<meta name=\"twitter:card\" content=\"summary_large_image\" \/>\n<meta name=\"twitter:label1\" content=\"Escrito por\" \/>\n\t<meta name=\"twitter:data1\" content=\"De frente com Ana Maria\" \/>\n\t<meta name=\"twitter:label2\" content=\"Est. tempo de leitura\" \/>\n\t<meta name=\"twitter:data2\" content=\"5 minutos\" \/>\n<script type=\"application\/ld+json\" class=\"yoast-schema-graph\">{\"@context\":\"https:\\\/\\\/schema.org\",\"@graph\":[{\"@type\":\"Article\",\"@id\":\"https:\\\/\\\/defrentecomanamaria.com.br\\\/wp\\\/2026\\\/08\\\/27\\\/meta-admite-que-redes-fazem-mal-as-criancas-saiba-o-que-fazer-para-proteger-seu-filho\\\/#article\",\"isPartOf\":{\"@id\":\"https:\\\/\\\/defrentecomanamaria.com.br\\\/wp\\\/2026\\\/08\\\/27\\\/meta-admite-que-redes-fazem-mal-as-criancas-saiba-o-que-fazer-para-proteger-seu-filho\\\/\"},\"author\":{\"name\":\"De frente com Ana Maria\",\"@id\":\"https:\\\/\\\/defrentecomanamaria.com.br\\\/wp\\\/#\\\/schema\\\/person\\\/99c268442c231bfaa36dfbe3399aee1a\"},\"headline\":\"Meta admite que redes fazem mal \u00e0s crian\u00e7as; saiba o que fazer para proteger seu filho\",\"datePublished\":\"2026-08-27T11:00:01+00:00\",\"dateModified\":\"2026-08-27T11:31:27+00:00\",\"mainEntityOfPage\":{\"@id\":\"https:\\\/\\\/defrentecomanamaria.com.br\\\/wp\\\/2026\\\/08\\\/27\\\/meta-admite-que-redes-fazem-mal-as-criancas-saiba-o-que-fazer-para-proteger-seu-filho\\\/\"},\"wordCount\":839,\"commentCount\":0,\"publisher\":{\"@id\":\"https:\\\/\\\/defrentecomanamaria.com.br\\\/wp\\\/#\\\/schema\\\/person\\\/2ceed77e817c80624560822b8eae8f25\"},\"image\":{\"@id\":\"https:\\\/\\\/defrentecomanamaria.com.br\\\/wp\\\/2026\\\/08\\\/27\\\/meta-admite-que-redes-fazem-mal-as-criancas-saiba-o-que-fazer-para-proteger-seu-filho\\\/#primaryimage\"},\"thumbnailUrl\":\"https:\\\/\\\/www.diariodepernambuco.com.br\\\/_midias\\\/jpg\\\/2026\\\/08\\\/26\\\/1200x800\\\/1_meta_instagram-945682.jpg\",\"articleSection\":[\"mundo\"],\"inLanguage\":\"pt-BR\",\"potentialAction\":[{\"@type\":\"CommentAction\",\"name\":\"Comment\",\"target\":[\"https:\\\/\\\/defrentecomanamaria.com.br\\\/wp\\\/2026\\\/08\\\/27\\\/meta-admite-que-redes-fazem-mal-as-criancas-saiba-o-que-fazer-para-proteger-seu-filho\\\/#respond\"]}]},{\"@type\":\"WebPage\",\"@id\":\"https:\\\/\\\/defrentecomanamaria.com.br\\\/wp\\\/2026\\\/08\\\/27\\\/meta-admite-que-redes-fazem-mal-as-criancas-saiba-o-que-fazer-para-proteger-seu-filho\\\/\",\"url\":\"https:\\\/\\\/defrentecomanamaria.com.br\\\/wp\\\/2026\\\/08\\\/27\\\/meta-admite-que-redes-fazem-mal-as-criancas-saiba-o-que-fazer-para-proteger-seu-filho\\\/\",\"name\":\"Meta admite que redes fazem mal \u00e0s crian\u00e7as; saiba o que fazer para proteger seu filho - De Frente com Ana Maria\",\"isPartOf\":{\"@id\":\"https:\\\/\\\/defrentecomanamaria.com.br\\\/wp\\\/#website\"},\"primaryImageOfPage\":{\"@id\":\"https:\\\/\\\/defrentecomanamaria.com.br\\\/wp\\\/2026\\\/08\\\/27\\\/meta-admite-que-redes-fazem-mal-as-criancas-saiba-o-que-fazer-para-proteger-seu-filho\\\/#primaryimage\"},\"image\":{\"@id\":\"https:\\\/\\\/defrentecomanamaria.com.br\\\/wp\\\/2026\\\/08\\\/27\\\/meta-admite-que-redes-fazem-mal-as-criancas-saiba-o-que-fazer-para-proteger-seu-filho\\\/#primaryimage\"},\"thumbnailUrl\":\"https:\\\/\\\/www.diariodepernambuco.com.br\\\/_midias\\\/jpg\\\/2026\\\/08\\\/26\\\/1200x800\\\/1_meta_instagram-945682.jpg\",\"datePublished\":\"2026-08-27T11:00:01+00:00\",\"dateModified\":\"2026-08-27T11:31:27+00:00\",\"breadcrumb\":{\"@id\":\"https:\\\/\\\/defrentecomanamaria.com.br\\\/wp\\\/2026\\\/08\\\/27\\\/meta-admite-que-redes-fazem-mal-as-criancas-saiba-o-que-fazer-para-proteger-seu-filho\\\/#breadcrumb\"},\"inLanguage\":\"pt-BR\",\"potentialAction\":[{\"@type\":\"ReadAction\",\"target\":[\"https:\\\/\\\/defrentecomanamaria.com.br\\\/wp\\\/2026\\\/08\\\/27\\\/meta-admite-que-redes-fazem-mal-as-criancas-saiba-o-que-fazer-para-proteger-seu-filho\\\/\"]}]},{\"@type\":\"ImageObject\",\"inLanguage\":\"pt-BR\",\"@id\":\"https:\\\/\\\/defrentecomanamaria.com.br\\\/wp\\\/2026\\\/08\\\/27\\\/meta-admite-que-redes-fazem-mal-as-criancas-saiba-o-que-fazer-para-proteger-seu-filho\\\/#primaryimage\",\"url\":\"https:\\\/\\\/www.diariodepernambuco.com.br\\\/_midias\\\/jpg\\\/2026\\\/08\\\/26\\\/1200x800\\\/1_meta_instagram-945682.jpg\",\"contentUrl\":\"https:\\\/\\\/www.diariodepernambuco.com.br\\\/_midias\\\/jpg\\\/2026\\\/08\\\/26\\\/1200x800\\\/1_meta_instagram-945682.jpg\"},{\"@type\":\"BreadcrumbList\",\"@id\":\"https:\\\/\\\/defrentecomanamaria.com.br\\\/wp\\\/2026\\\/08\\\/27\\\/meta-admite-que-redes-fazem-mal-as-criancas-saiba-o-que-fazer-para-proteger-seu-filho\\\/#breadcrumb\",\"itemListElement\":[{\"@type\":\"ListItem\",\"position\":1,\"name\":\"In\u00edcio\",\"item\":\"https:\\\/\\\/defrentecomanamaria.com.br\\\/wp\\\/\"},{\"@type\":\"ListItem\",\"position\":2,\"name\":\"Meta admite que redes fazem mal \u00e0s crian\u00e7as; saiba o que fazer para proteger seu filho\"}]},{\"@type\":\"WebSite\",\"@id\":\"https:\\\/\\\/defrentecomanamaria.com.br\\\/wp\\\/#website\",\"url\":\"https:\\\/\\\/defrentecomanamaria.com.br\\\/wp\\\/\",\"name\":\"De Frente com Ana Maria\",\"description\":\"A informa\u00e7\u00e3o mais perto de voc\u00ea.\",\"publisher\":{\"@id\":\"https:\\\/\\\/defrentecomanamaria.com.br\\\/wp\\\/#\\\/schema\\\/person\\\/2ceed77e817c80624560822b8eae8f25\"},\"potentialAction\":[{\"@type\":\"SearchAction\",\"target\":{\"@type\":\"EntryPoint\",\"urlTemplate\":\"https:\\\/\\\/defrentecomanamaria.com.br\\\/wp\\\/?s={search_term_string}\"},\"query-input\":{\"@type\":\"PropertyValueSpecification\",\"valueRequired\":true,\"valueName\":\"search_term_string\"}}],\"inLanguage\":\"pt-BR\"},{\"@type\":[\"Person\",\"Organization\"],\"@id\":\"https:\\\/\\\/defrentecomanamaria.com.br\\\/wp\\\/#\\\/schema\\\/person\\\/2ceed77e817c80624560822b8eae8f25\",\"name\":\"Ana Maria\",\"image\":{\"@type\":\"ImageObject\",\"inLanguage\":\"pt-BR\",\"@id\":\"https:\\\/\\\/defrentecomanamaria.com.br\\\/wp\\\/wp-content\\\/uploads\\\/2023\\\/11\\\/Ana-Maria-Santos-1080x641-1.png\",\"url\":\"https:\\\/\\\/defrentecomanamaria.com.br\\\/wp\\\/wp-content\\\/uploads\\\/2023\\\/11\\\/Ana-Maria-Santos-1080x641-1.png\",\"contentUrl\":\"https:\\\/\\\/defrentecomanamaria.com.br\\\/wp\\\/wp-content\\\/uploads\\\/2023\\\/11\\\/Ana-Maria-Santos-1080x641-1.png\",\"width\":1080,\"height\":641,\"caption\":\"Ana Maria\"},\"logo\":{\"@id\":\"https:\\\/\\\/defrentecomanamaria.com.br\\\/wp\\\/wp-content\\\/uploads\\\/2023\\\/11\\\/Ana-Maria-Santos-1080x641-1.png\"},\"sameAs\":[\"https:\\\/\\\/defrentecomanamaria.com.br\\\/wp\\\/\"]},{\"@type\":\"Person\",\"@id\":\"https:\\\/\\\/defrentecomanamaria.com.br\\\/wp\\\/#\\\/schema\\\/person\\\/99c268442c231bfaa36dfbe3399aee1a\",\"name\":\"De frente com Ana Maria\",\"image\":{\"@type\":\"ImageObject\",\"inLanguage\":\"pt-BR\",\"@id\":\"https:\\\/\\\/secure.gravatar.com\\\/avatar\\\/247c813f906f437fc14d9a9eea9198855911a6b05d1abd1be4c95e987716a339?s=96&d=mm&r=g\",\"url\":\"https:\\\/\\\/secure.gravatar.com\\\/avatar\\\/247c813f906f437fc14d9a9eea9198855911a6b05d1abd1be4c95e987716a339?s=96&d=mm&r=g\",\"contentUrl\":\"https:\\\/\\\/secure.gravatar.com\\\/avatar\\\/247c813f906f437fc14d9a9eea9198855911a6b05d1abd1be4c95e987716a339?s=96&d=mm&r=g\",\"caption\":\"De frente com Ana Maria\"},\"url\":\"https:\\\/\\\/defrentecomanamaria.com.br\\\/wp\\\/author\\\/admin\\\/\"}]}<\/script>\n<!-- \/ Yoast SEO plugin. -->","yoast_head_json":{"title":"Meta admite que redes fazem mal \u00e0s crian\u00e7as; saiba o que fazer para proteger seu filho - De Frente com Ana Maria","robots":{"index":"index","follow":"follow","max-snippet":"max-snippet:-1","max-image-preview":"max-image-preview:large","max-video-preview":"max-video-preview:-1"},"canonical":"https:\/\/defrentecomanamaria.com.br\/wp\/2026\/08\/27\/meta-admite-que-redes-fazem-mal-as-criancas-saiba-o-que-fazer-para-proteger-seu-filho\/","og_locale":"pt_BR","og_type":"article","og_title":"Meta admite que redes fazem mal \u00e0s crian\u00e7as; saiba o que fazer para proteger seu filho - De Frente com Ana Maria","og_description":"Companhia aceitou pagar um total de US$ 16,7 bilh\u00f5es em indeniza\u00e7\u00f5es e prometeu uma s\u00e9rie de mudan\u00e7as no uso das duas plataformas por menores de idade A Meta chegou a um acordo nesta quarta-feira (26) para encerrar um julgamento em andamento nos Estados Unidos no qual a dona do Facebook e do Instagram era acusada ... Leia mais","og_url":"https:\/\/defrentecomanamaria.com.br\/wp\/2026\/08\/27\/meta-admite-que-redes-fazem-mal-as-criancas-saiba-o-que-fazer-para-proteger-seu-filho\/","og_site_name":"De Frente com Ana Maria","article_published_time":"2026-08-27T11:00:01+00:00","article_modified_time":"2026-08-27T11:31:27+00:00","og_image":[{"url":"https:\/\/www.diariodepernambuco.com.br\/_midias\/jpg\/2026\/08\/26\/1200x800\/1_meta_instagram-945682.jpg","type":"","width":"","height":""}],"author":"De frente com Ana Maria","twitter_card":"summary_large_image","twitter_misc":{"Escrito por":"De frente com Ana Maria","Est. tempo de leitura":"5 minutos"},"schema":{"@context":"https:\/\/schema.org","@graph":[{"@type":"Article","@id":"https:\/\/defrentecomanamaria.com.br\/wp\/2026\/08\/27\/meta-admite-que-redes-fazem-mal-as-criancas-saiba-o-que-fazer-para-proteger-seu-filho\/#article","isPartOf":{"@id":"https:\/\/defrentecomanamaria.com.br\/wp\/2026\/08\/27\/meta-admite-que-redes-fazem-mal-as-criancas-saiba-o-que-fazer-para-proteger-seu-filho\/"},"author":{"name":"De frente com Ana Maria","@id":"https:\/\/defrentecomanamaria.com.br\/wp\/#\/schema\/person\/99c268442c231bfaa36dfbe3399aee1a"},"headline":"Meta admite que redes fazem mal \u00e0s crian\u00e7as; saiba o que fazer para proteger seu filho","datePublished":"2026-08-27T11:00:01+00:00","dateModified":"2026-08-27T11:31:27+00:00","mainEntityOfPage":{"@id":"https:\/\/defrentecomanamaria.com.br\/wp\/2026\/08\/27\/meta-admite-que-redes-fazem-mal-as-criancas-saiba-o-que-fazer-para-proteger-seu-filho\/"},"wordCount":839,"commentCount":0,"publisher":{"@id":"https:\/\/defrentecomanamaria.com.br\/wp\/#\/schema\/person\/2ceed77e817c80624560822b8eae8f25"},"image":{"@id":"https:\/\/defrentecomanamaria.com.br\/wp\/2026\/08\/27\/meta-admite-que-redes-fazem-mal-as-criancas-saiba-o-que-fazer-para-proteger-seu-filho\/#primaryimage"},"thumbnailUrl":"https:\/\/www.diariodepernambuco.com.br\/_midias\/jpg\/2026\/08\/26\/1200x800\/1_meta_instagram-945682.jpg","articleSection":["mundo"],"inLanguage":"pt-BR","potentialAction":[{"@type":"CommentAction","name":"Comment","target":["https:\/\/defrentecomanamaria.com.br\/wp\/2026\/08\/27\/meta-admite-que-redes-fazem-mal-as-criancas-saiba-o-que-fazer-para-proteger-seu-filho\/#respond"]}]},{"@type":"WebPage","@id":"https:\/\/defrentecomanamaria.com.br\/wp\/2026\/08\/27\/meta-admite-que-redes-fazem-mal-as-criancas-saiba-o-que-fazer-para-proteger-seu-filho\/","url":"https:\/\/defrentecomanamaria.com.br\/wp\/2026\/08\/27\/meta-admite-que-redes-fazem-mal-as-criancas-saiba-o-que-fazer-para-proteger-seu-filho\/","name":"Meta admite que redes fazem mal \u00e0s crian\u00e7as; saiba o que fazer para proteger seu filho - De Frente com Ana Maria","isPartOf":{"@id":"https:\/\/defrentecomanamaria.com.br\/wp\/#website"},"primaryImageOfPage":{"@id":"https:\/\/defrentecomanamaria.com.br\/wp\/2026\/08\/27\/meta-admite-que-redes-fazem-mal-as-criancas-saiba-o-que-fazer-para-proteger-seu-filho\/#primaryimage"},"image":{"@id":"https:\/\/defrentecomanamaria.com.br\/wp\/2026\/08\/27\/meta-admite-que-redes-fazem-mal-as-criancas-saiba-o-que-fazer-para-proteger-seu-filho\/#primaryimage"},"thumbnailUrl":"https:\/\/www.diariodepernambuco.com.br\/_midias\/jpg\/2026\/08\/26\/1200x800\/1_meta_instagram-945682.jpg","datePublished":"2026-08-27T11:00:01+00:00","dateModified":"2026-08-27T11:31:27+00:00","breadcrumb":{"@id":"https:\/\/defrentecomanamaria.com.br\/wp\/2026\/08\/27\/meta-admite-que-redes-fazem-mal-as-criancas-saiba-o-que-fazer-para-proteger-seu-filho\/#breadcrumb"},"inLanguage":"pt-BR","potentialAction":[{"@type":"ReadAction","target":["https:\/\/defrentecomanamaria.com.br\/wp\/2026\/08\/27\/meta-admite-que-redes-fazem-mal-as-criancas-saiba-o-que-fazer-para-proteger-seu-filho\/"]}]},{"@type":"ImageObject","inLanguage":"pt-BR","@id":"https:\/\/defrentecomanamaria.com.br\/wp\/2026\/08\/27\/meta-admite-que-redes-fazem-mal-as-criancas-saiba-o-que-fazer-para-proteger-seu-filho\/#primaryimage","url":"https:\/\/www.diariodepernambuco.com.br\/_midias\/jpg\/2026\/08\/26\/1200x800\/1_meta_instagram-945682.jpg","contentUrl":"https:\/\/www.diariodepernambuco.com.br\/_midias\/jpg\/2026\/08\/26\/1200x800\/1_meta_instagram-945682.jpg"},{"@type":"BreadcrumbList","@id":"https:\/\/defrentecomanamaria.com.br\/wp\/2026\/08\/27\/meta-admite-que-redes-fazem-mal-as-criancas-saiba-o-que-fazer-para-proteger-seu-filho\/#breadcrumb","itemListElement":[{"@type":"ListItem","position":1,"name":"In\u00edcio","item":"https:\/\/defrentecomanamaria.com.br\/wp\/"},{"@type":"ListItem","position":2,"name":"Meta admite que redes fazem mal \u00e0s crian\u00e7as; saiba o que fazer para proteger seu filho"}]},{"@type":"WebSite","@id":"https:\/\/defrentecomanamaria.com.br\/wp\/#website","url":"https:\/\/defrentecomanamaria.com.br\/wp\/","name":"De Frente com Ana Maria","description":"A informa\u00e7\u00e3o mais perto de voc\u00ea.","publisher":{"@id":"https:\/\/defrentecomanamaria.com.br\/wp\/#\/schema\/person\/2ceed77e817c80624560822b8eae8f25"},"potentialAction":[{"@type":"SearchAction","target":{"@type":"EntryPoint","urlTemplate":"https:\/\/defrentecomanamaria.com.br\/wp\/?s={search_term_string}"},"query-input":{"@type":"PropertyValueSpecification","valueRequired":true,"valueName":"search_term_string"}}],"inLanguage":"pt-BR"},{"@type":["Person","Organization"],"@id":"https:\/\/defrentecomanamaria.com.br\/wp\/#\/schema\/person\/2ceed77e817c80624560822b8eae8f25","name":"Ana Maria","image":{"@type":"ImageObject","inLanguage":"pt-BR","@id":"https:\/\/defrentecomanamaria.com.br\/wp\/wp-content\/uploads\/2023\/11\/Ana-Maria-Santos-1080x641-1.png","url":"https:\/\/defrentecomanamaria.com.br\/wp\/wp-content\/uploads\/2023\/11\/Ana-Maria-Santos-1080x641-1.png","contentUrl":"https:\/\/defrentecomanamaria.com.br\/wp\/wp-content\/uploads\/2023\/11\/Ana-Maria-Santos-1080x641-1.png","width":1080,"height":641,"caption":"Ana Maria"},"logo":{"@id":"https:\/\/defrentecomanamaria.com.br\/wp\/wp-content\/uploads\/2023\/11\/Ana-Maria-Santos-1080x641-1.png"},"sameAs":["https:\/\/defrentecomanamaria.com.br\/wp\/"]},{"@type":"Person","@id":"https:\/\/defrentecomanamaria.com.br\/wp\/#\/schema\/person\/99c268442c231bfaa36dfbe3399aee1a","name":"De frente com Ana Maria","image":{"@type":"ImageObject","inLanguage":"pt-BR","@id":"https:\/\/secure.gravatar.com\/avatar\/247c813f906f437fc14d9a9eea9198855911a6b05d1abd1be4c95e987716a339?s=96&d=mm&r=g","url":"https:\/\/secure.gravatar.com\/avatar\/247c813f906f437fc14d9a9eea9198855911a6b05d1abd1be4c95e987716a339?s=96&d=mm&r=g","contentUrl":"https:\/\/secure.gravatar.com\/avatar\/247c813f906f437fc14d9a9eea9198855911a6b05d1abd1be4c95e987716a339?s=96&d=mm&r=g","caption":"De frente com Ana Maria"},"url":"https:\/\/defrentecomanamaria.com.br\/wp\/author\/admin\/"}]}},"_links":{"self":[{"href":"https:\/\/defrentecomanamaria.com.br\/wp\/wp-json\/wp\/v2\/posts\/31996","targetHints":{"allow":["GET"]}}],"collection":[{"href":"https:\/\/defrentecomanamaria.com.br\/wp\/wp-json\/wp\/v2\/posts"}],"about":[{"href":"https:\/\/defrentecomanamaria.com.br\/wp\/wp-json\/wp\/v2\/types\/post"}],"author":[{"embeddable":true,"href":"https:\/\/defrentecomanamaria.com.br\/wp\/wp-json\/wp\/v2\/users\/7"}],"replies":[{"embeddable":true,"href":"https:\/\/defrentecomanamaria.com.br\/wp\/wp-json\/wp\/v2\/comments?post=31996"}],"version-history":[{"count":1,"href":"https:\/\/defrentecomanamaria.com.br\/wp\/wp-json\/wp\/v2\/posts\/31996\/revisions"}],"predecessor-version":[{"id":31997,"href":"https:\/\/defrentecomanamaria.com.br\/wp\/wp-json\/wp\/v2\/posts\/31996\/revisions\/31997"}],"wp:attachment":[{"href":"https:\/\/defrentecomanamaria.com.br\/wp\/wp-json\/wp\/v2\/media?parent=31996"}],"wp:term":[{"taxonomy":"category","embeddable":true,"href":"https:\/\/defrentecomanamaria.com.br\/wp\/wp-json\/wp\/v2\/categories?post=31996"},{"taxonomy":"post_tag","embeddable":true,"href":"https:\/\/defrentecomanamaria.com.br\/wp\/wp-json\/wp\/v2\/tags?post=31996"}],"curies":[{"name":"wp","href":"https:\/\/api.w.org\/{rel}","templated":true}]}}